{"id":1497,"date":"2013-03-14T08:24:36","date_gmt":"2013-03-14T07:24:36","guid":{"rendered":"http:\/\/www.broderieplaisir.eu\/?p=1497"},"modified":"2013-03-14T08:24:36","modified_gmt":"2013-03-14T07:24:36","slug":"prochain-stage-de-broderie-dart","status":"publish","type":"post","link":"https:\/\/www.broderieplaisir.eu\/?p=1497","title":{"rendered":"Prochain stage de broderie d&rsquo;art"},"content":{"rendered":"<p>Bonjour,<br \/>\nj&rsquo;ai le plaisir de vous annoncer que Caroline Gamb, cr\u00e9atrice en broderie d&rsquo;art, anime prochainement un stage \u00e0 Strasbourg.<\/p>\n<p>Le th\u00e8me sera un jardin brod\u00e9 au ruban et au fil, dans une harmonie de verts. Il est ouvert aux brodeuses d\u00e9butantes aussi bien que confirm\u00e9es.<\/p>\n<div id=\"attachment_75\" style=\"width: 408px\" class=\"wp-caption aligncenter\"><a href=\"http:\/\/www.broderieplaisir.eu\/wp-content\/uploads\/2012\/03\/P1040674.jpg\"><img loading=\"lazy\" decoding=\"async\" aria-describedby=\"caption-attachment-75\" class=\"size-full wp-image-75  \" style=\"border: 2px solid black;\" alt=\"Broderie Le jardin vert cr\u00e9\u00e9 par Caroline Gamb\" src=\"http:\/\/www.broderieplaisir.eu\/wp-content\/uploads\/2012\/03\/P1040674.jpg\" width=\"398\" height=\"355\" srcset=\"https:\/\/www.broderieplaisir.eu\/wp-content\/uploads\/2012\/03\/P1040674.jpg 500w, https:\/\/www.broderieplaisir.eu\/wp-content\/uploads\/2012\/03\/P1040674-300x268.jpg 300w\" sizes=\"auto, (max-width: 398px) 100vw, 398px\" \/><\/a><p id=\"caption-attachment-75\" class=\"wp-caption-text\">Broderie Le jardin vert cr\u00e9\u00e9 par Caroline Gamb<\/p><\/div>\n<p>Le stage se d\u00e9roulera sur 2 jours, vendredi 22 et samedi 23 mars (de 9h \u00e0 12h et de 14 \u00e0 17h) \u00e0 l&rsquo;association des Bateliers, 3 Rue Munch \u00e0 Strasbourg.<br \/>\nLes fournitures sont fournies par Caroline et le mat\u00e9riel peut \u00eatre pr\u00eat\u00e9.<br \/>\nLe prix du stage (tout compris) est de 70 \u20ac pour les 2 jours. Le nombre de place \u00e9tant bien s\u00fbr limit\u00e9, il est conseill\u00e9 de vous inscrire au plus vite.<\/p>\n<p>Tous les renseignements et la fiche d&rsquo;inscription sur le site de Bateliers <a title=\"Les Bateliers \u00e0 Strasbourg\" href=\"http:\/\/www.lesbateliers.com\/ateliers\/\" target=\"_blank\">www.lesbateliers.com<\/a> ou au 03.88.36.39.77.<br \/>\nVous pouvez \u00e9galement contacter directement Caroline Gamb au 06.76.88.24.62.<\/p>\n<p>Et pour tous ceux qui ne se passionnent pas que pour la Broderie, plusieurs autres disciplines sont propos\u00e9es sous forme de stage les 22 et 23 mars, notamment la sculpture de fil de fer (filigraphie) anim\u00e9e par Pascale Etchevery.<\/p>\n<p>Renseignez-vous vite et bons stages. A bient\u00f4t.<\/p>\n","protected":false},"excerpt":{"rendered":"<p>Bonjour, j&rsquo;ai le plaisir de vous annoncer que Caroline Gamb, cr\u00e9atrice en broderie d&rsquo;art, anime prochainement un stage \u00e0 Strasbourg. Le th\u00e8me sera un jardin brod\u00e9 au ruban et au fil, dans une harmonie de verts. Il est ouvert aux brodeuses d\u00e9butantes aussi bien que confirm\u00e9es. Le stage se d\u00e9roulera sur 2 jours, vendredi 22 <a class=\"more-link\" href=\"https:\/\/www.broderieplaisir.eu\/?p=1497\">la suite&#8230; <i class=\"fa fa-chevron-right\"><\/i><\/a><\/p>\n","protected":false},"author":2,"featured_media":0,"comment_status":"open","ping_status":"open","sticky":false,"template":"","format":"standard","meta":{"footnotes":""},"categories":[5],"tags":[38],"class_list":["post-1497","post","type-post","status-publish","format-standard","hentry","category-cours-et-stages-de-broderie","tag-stage-de-broderie"],"_links":{"self":[{"href":"https:\/\/www.broderieplaisir.eu\/index.php?rest_route=\/wp\/v2\/posts\/1497","targetHints":{"allow":["GET"]}}],"collection":[{"href":"https:\/\/www.broderieplaisir.eu\/index.php?rest_route=\/wp\/v2\/posts"}],"about":[{"href":"https:\/\/www.broderieplaisir.eu\/index.php?rest_route=\/wp\/v2\/types\/post"}],"author":[{"embeddable":true,"href":"https:\/\/www.broderieplaisir.eu\/index.php?rest_route=\/wp\/v2\/users\/2"}],"replies":[{"embeddable":true,"href":"https:\/\/www.broderieplaisir.eu\/index.php?rest_route=%2Fwp%2Fv2%2Fcomments&post=1497"}],"version-history":[{"count":13,"href":"https:\/\/www.broderieplaisir.eu\/index.php?rest_route=\/wp\/v2\/posts\/1497\/revisions"}],"predecessor-version":[{"id":1510,"href":"https:\/\/www.broderieplaisir.eu\/index.php?rest_route=\/wp\/v2\/posts\/1497\/revisions\/1510"}],"wp:attachment":[{"href":"https:\/\/www.broderieplaisir.eu\/index.php?rest_route=%2Fwp%2Fv2%2Fmedia&parent=1497"}],"wp:term":[{"taxonomy":"category","embeddable":true,"href":"https:\/\/www.broderieplaisir.eu\/index.php?rest_route=%2Fwp%2Fv2%2Fcategories&post=1497"},{"taxonomy":"post_tag","embeddable":true,"href":"https:\/\/www.broderieplaisir.eu\/index.php?rest_route=%2Fwp%2Fv2%2Ftags&post=1497"}],"curies":[{"name":"wp","href":"https:\/\/api.w.org\/{rel}","templated":true}]}}