{"id":1564,"date":"2013-03-26T09:06:14","date_gmt":"2013-03-26T08:06:14","guid":{"rendered":"http:\/\/www.broderieplaisir.eu\/?p=1564"},"modified":"2013-03-26T09:06:14","modified_gmt":"2013-03-26T08:06:14","slug":"nouveaux-stages-a-laclig-illkirch","status":"publish","type":"post","link":"https:\/\/www.broderieplaisir.eu\/?p=1564","title":{"rendered":"Nouveaux stages \u00e0 l&rsquo;Aclig (Illkirch)"},"content":{"rendered":"<p>Bonjour,<br \/>\nje vous l&rsquo;avais annonc\u00e9 il y a quelques jours, l&rsquo;association culture et loisirs d&rsquo;Illkirch (67) organise une nouvelle cession des \u00ab\u00a0<strong>Arts du fil nous embobinent<\/strong>\u00ab\u00a0.<\/p>\n<p>Il s&rsquo;agit de stages de 2 jours propos\u00e9s autour de 3 disciplines : <strong>la broderie de Lun\u00e9ville, la couture et le crochet<\/strong>.<br \/>\nIls sont anim\u00e9s conjointement par Caroline Gamb, cr\u00e9atrice en broderie d&rsquo;art, Malou Ojeda, sp\u00e9cialiste du crochet et Elisabeth Stemmler, coututi\u00e8re.<\/p>\n<p>&nbsp;<\/p>\n<div id=\"attachment_1570\" style=\"width: 586px\" class=\"wp-caption alignnone\"><a href=\"http:\/\/www.broderieplaisir.eu\/wp-content\/uploads\/2013\/03\/stage_aclig_2013.png\"><img loading=\"lazy\" decoding=\"async\" aria-describedby=\"caption-attachment-1570\" class=\"size-full wp-image-1570 \" style=\"border: 3px solid black;\" alt=\"Les arts du fil nous embobibent avril 2013\" src=\"http:\/\/www.broderieplaisir.eu\/wp-content\/uploads\/2013\/03\/stage_aclig_2013.png\" width=\"576\" height=\"764\" \/><\/a><p id=\"caption-attachment-1570\" class=\"wp-caption-text\">Les arts du fil nous embobinent avril 2013<\/p><\/div>\n<p>Voici le d\u00e9tail de ces stages :<\/p>\n<p><strong>Le pochon romantique : broderie, couture et crochet.<\/strong><br \/>\nLundi 22 et mardi 23 avril,\u00a0 2 x 6 heures &#8211; Tarif : 80 \u20ac mat\u00e9riel et fournitures inclus.<\/p>\n<p><strong>Initiation \u00e0 la broderie de Lun\u00e9ville.<\/strong><br \/>\nMercredi 24 et jeudi 25 avril,\u00a0 2 x 6 heures. &#8211; Tarif : 160 \u20ac mat\u00e9riel et fournitures inclus.<\/p>\n<p><strong>Porte monnaie ou \u00e9tui \u00e0 lunettes : le travail de la ganse.<\/strong><br \/>\nMercredi 24 et jeudi 25 avril , 2 x 6 heures &#8211; Tarif\u00a0 80 \u20ac mat\u00e9riel et fournitures inclus.<\/p>\n<p><strong>La pochette et le bracelet : atelier crochet.<\/strong><br \/>\nMercredi 24 et jeudi 25 avril, 2 x 6 heures &#8211; Tarif 130 \u20ac, mat\u00e9riel et fournitures inclus.<\/p>\n<p>Les inscription seront closes le 10 avril, \u00e0 vos t\u00e9l\u00e9phones !<br \/>\nPour toute question et pour les inscriptions, vous pouvez joindre <strong>Caroline Gamb au 06 76 88 24 62<\/strong> ou <strong>Malou Ojeda au 06 63 94 21 88<\/strong>.<\/p>\n<p>Bon stage et \u00e0 bient\u00f4t.<\/p>\n","protected":false},"excerpt":{"rendered":"<p>Bonjour, je vous l&rsquo;avais annonc\u00e9 il y a quelques jours, l&rsquo;association culture et loisirs d&rsquo;Illkirch (67) organise une nouvelle cession des \u00ab\u00a0Arts du fil nous embobinent\u00ab\u00a0. Il s&rsquo;agit de stages de 2 jours propos\u00e9s autour de 3 disciplines : la broderie de Lun\u00e9ville, la couture et le crochet. Ils sont anim\u00e9s conjointement par Caroline Gamb, <a class=\"more-link\" href=\"https:\/\/www.broderieplaisir.eu\/?p=1564\">la suite&#8230; <i class=\"fa fa-chevron-right\"><\/i><\/a><\/p>\n","protected":false},"author":2,"featured_media":0,"comment_status":"open","ping_status":"open","sticky":false,"template":"","format":"standard","meta":{"footnotes":""},"categories":[5],"tags":[25,57,58],"class_list":["post-1564","post","type-post","status-publish","format-standard","hentry","category-cours-et-stages-de-broderie","tag-broderie-de-luneville","tag-couture","tag-crochet"],"_links":{"self":[{"href":"https:\/\/www.broderieplaisir.eu\/index.php?rest_route=\/wp\/v2\/posts\/1564","targetHints":{"allow":["GET"]}}],"collection":[{"href":"https:\/\/www.broderieplaisir.eu\/index.php?rest_route=\/wp\/v2\/posts"}],"about":[{"href":"https:\/\/www.broderieplaisir.eu\/index.php?rest_route=\/wp\/v2\/types\/post"}],"author":[{"embeddable":true,"href":"https:\/\/www.broderieplaisir.eu\/index.php?rest_route=\/wp\/v2\/users\/2"}],"replies":[{"embeddable":true,"href":"https:\/\/www.broderieplaisir.eu\/index.php?rest_route=%2Fwp%2Fv2%2Fcomments&post=1564"}],"version-history":[{"count":15,"href":"https:\/\/www.broderieplaisir.eu\/index.php?rest_route=\/wp\/v2\/posts\/1564\/revisions"}],"predecessor-version":[{"id":1580,"href":"https:\/\/www.broderieplaisir.eu\/index.php?rest_route=\/wp\/v2\/posts\/1564\/revisions\/1580"}],"wp:attachment":[{"href":"https:\/\/www.broderieplaisir.eu\/index.php?rest_route=%2Fwp%2Fv2%2Fmedia&parent=1564"}],"wp:term":[{"taxonomy":"category","embeddable":true,"href":"https:\/\/www.broderieplaisir.eu\/index.php?rest_route=%2Fwp%2Fv2%2Fcategories&post=1564"},{"taxonomy":"post_tag","embeddable":true,"href":"https:\/\/www.broderieplaisir.eu\/index.php?rest_route=%2Fwp%2Fv2%2Ftags&post=1564"}],"curies":[{"name":"wp","href":"https:\/\/api.w.org\/{rel}","templated":true}]}}