{"id":1775,"date":"2013-05-06T15:47:16","date_gmt":"2013-05-06T14:47:16","guid":{"rendered":"http:\/\/www.broderieplaisir.eu\/?p=1775"},"modified":"2013-05-06T15:55:28","modified_gmt":"2013-05-06T14:55:28","slug":"ma-broderie-en-noir-et-en-relief","status":"publish","type":"post","link":"https:\/\/www.broderieplaisir.eu\/?p=1775","title":{"rendered":"Ma broderie en noir et en relief"},"content":{"rendered":"<p>Voil\u00e0, j&rsquo;ai enfin termin\u00e9 ma broderie en noir.<br \/>\nJe dois avouer que le noir ne m&rsquo;a pas r\u00e9ellement inspir\u00e9e et j&rsquo;ai trouv\u00e9 finalement relativement difficile de ne pouvoir jouer que sur les textures et les mati\u00e8res alors que nous pouvons d&rsquo;habitude nous amuser avec les couleurs.<\/p>\n<p>Toujours est-il que mon objectif est atteint, je voulais que Caroline Gamb, ma \u00ab\u00a0prof\u00a0\u00bb de broderie de Lun\u00e9ville,\u00a0 m&rsquo;apprenne la technique de la broderie en relief et c&rsquo;est chose faite.<br \/>\nJ&rsquo;ai donc cr\u00e9\u00e9 mon petit carr\u00e9 de dentelle noir l\u00e9g\u00e8rement rebrod\u00e9e avec une fleur form\u00e9e de 4 p\u00e9tales en relief. Les p\u00e9tales sont brod\u00e9s s\u00e9par\u00e9ment puis mont\u00e9s sur la broderie grace \u00e0 des tiges de fil de fer. Il suffit alors de leur donner la\u00a0 forme souhait\u00e9e.<\/p>\n<div id=\"attachment_1776\" style=\"width: 572px\" class=\"wp-caption alignnone\"><a href=\"http:\/\/www.broderieplaisir.eu\/wp-content\/uploads\/2013\/05\/noir-Catherine.jpg\"><img loading=\"lazy\" decoding=\"async\" aria-describedby=\"caption-attachment-1776\" class=\"size-large wp-image-1776 \" style=\"border: 3px solid black;\" alt=\"Fleur noire brod\u00e9e en relief\" src=\"http:\/\/www.broderieplaisir.eu\/wp-content\/uploads\/2013\/05\/noir-Catherine-1024x768.jpg\" width=\"562\" height=\"420\" \/><\/a><p id=\"caption-attachment-1776\" class=\"wp-caption-text\">Fleur noire brod\u00e9e en relief<\/p><\/div>\n<p>Qu&rsquo;en pensez-vous ?<\/p>\n<p>A bient\u00f4t.<\/p>\n","protected":false},"excerpt":{"rendered":"<p>Voil\u00e0, j&rsquo;ai enfin termin\u00e9 ma broderie en noir. Je dois avouer que le noir ne m&rsquo;a pas r\u00e9ellement inspir\u00e9e et j&rsquo;ai trouv\u00e9 finalement relativement difficile de ne pouvoir jouer que sur les textures et les mati\u00e8res alors que nous pouvons d&rsquo;habitude nous amuser avec les couleurs. Toujours est-il que mon objectif est atteint, je voulais <a class=\"more-link\" href=\"https:\/\/www.broderieplaisir.eu\/?p=1775\">la suite&#8230; <i class=\"fa fa-chevron-right\"><\/i><\/a><\/p>\n","protected":false},"author":2,"featured_media":0,"comment_status":"open","ping_status":"open","sticky":false,"template":"","format":"standard","meta":{"footnotes":""},"categories":[6],"tags":[25,67],"class_list":["post-1775","post","type-post","status-publish","format-standard","hentry","category-broderie-dart","tag-broderie-de-luneville","tag-broderie-en-relief"],"_links":{"self":[{"href":"https:\/\/www.broderieplaisir.eu\/index.php?rest_route=\/wp\/v2\/posts\/1775","targetHints":{"allow":["GET"]}}],"collection":[{"href":"https:\/\/www.broderieplaisir.eu\/index.php?rest_route=\/wp\/v2\/posts"}],"about":[{"href":"https:\/\/www.broderieplaisir.eu\/index.php?rest_route=\/wp\/v2\/types\/post"}],"author":[{"embeddable":true,"href":"https:\/\/www.broderieplaisir.eu\/index.php?rest_route=\/wp\/v2\/users\/2"}],"replies":[{"embeddable":true,"href":"https:\/\/www.broderieplaisir.eu\/index.php?rest_route=%2Fwp%2Fv2%2Fcomments&post=1775"}],"version-history":[{"count":7,"href":"https:\/\/www.broderieplaisir.eu\/index.php?rest_route=\/wp\/v2\/posts\/1775\/revisions"}],"predecessor-version":[{"id":1782,"href":"https:\/\/www.broderieplaisir.eu\/index.php?rest_route=\/wp\/v2\/posts\/1775\/revisions\/1782"}],"wp:attachment":[{"href":"https:\/\/www.broderieplaisir.eu\/index.php?rest_route=%2Fwp%2Fv2%2Fmedia&parent=1775"}],"wp:term":[{"taxonomy":"category","embeddable":true,"href":"https:\/\/www.broderieplaisir.eu\/index.php?rest_route=%2Fwp%2Fv2%2Fcategories&post=1775"},{"taxonomy":"post_tag","embeddable":true,"href":"https:\/\/www.broderieplaisir.eu\/index.php?rest_route=%2Fwp%2Fv2%2Ftags&post=1775"}],"curies":[{"name":"wp","href":"https:\/\/api.w.org\/{rel}","templated":true}]}}