{"id":1810,"date":"2013-05-14T10:32:08","date_gmt":"2013-05-14T09:32:08","guid":{"rendered":"http:\/\/www.broderieplaisir.eu\/?p=1810"},"modified":"2013-05-14T10:32:08","modified_gmt":"2013-05-14T09:32:08","slug":"les-dernieres-broderies-en-noir-et-blanc","status":"publish","type":"post","link":"https:\/\/www.broderieplaisir.eu\/?p=1810","title":{"rendered":"Les derni\u00e8res broderies en noir et blanc"},"content":{"rendered":"<p>Bonjour,<\/p>\n<p>voici les derni\u00e8res r\u00e9alisations des \u00e9l\u00e8ves de Caroline Gamb, professeur de broderie d&rsquo;art \u00e0 l&rsquo;Aclig, pour l&rsquo;<a title=\"Exposition Aclig 2013\" href=\"http:\/\/www.broderieplaisir.eu\/?p=1674\" target=\"_blank\">exposition<\/a> pr\u00e9vue \u00e0 la fin de la semaine.<\/p>\n<p>Les broderies blanches :<\/p>\n<div id=\"attachment_1817\" style=\"width: 310px\" class=\"wp-caption alignleft\"><a href=\"http:\/\/www.broderieplaisir.eu\/wp-content\/uploads\/2013\/05\/blanc_laurence.jpg\"><img loading=\"lazy\" decoding=\"async\" aria-describedby=\"caption-attachment-1817\" class=\"size-medium wp-image-1817 \" style=\"border: 2px solid black;\" alt=\"La dentelle de Laurence\" src=\"http:\/\/www.broderieplaisir.eu\/wp-content\/uploads\/2013\/05\/blanc_laurence-300x248.jpg\" width=\"300\" height=\"248\" srcset=\"https:\/\/www.broderieplaisir.eu\/wp-content\/uploads\/2013\/05\/blanc_laurence-300x248.jpg 300w, https:\/\/www.broderieplaisir.eu\/wp-content\/uploads\/2013\/05\/blanc_laurence.jpg 800w\" sizes=\"auto, (max-width: 300px) 100vw, 300px\" \/><\/a><p id=\"caption-attachment-1817\" class=\"wp-caption-text\">La dentelle de Laurence<\/p><\/div>\n<p>&nbsp;<\/p>\n<p>&nbsp;<\/p>\n<div id=\"attachment_1811\" style=\"width: 310px\" class=\"wp-caption alignleft\"><a href=\"http:\/\/www.broderieplaisir.eu\/wp-content\/uploads\/2013\/05\/blanc_isabelleB.jpg\"><img loading=\"lazy\" decoding=\"async\" aria-describedby=\"caption-attachment-1811\" class=\"size-medium wp-image-1811 \" style=\"border: 2px solid black;\" alt=\"La touche indienne d'Isabelle B.\" src=\"http:\/\/www.broderieplaisir.eu\/wp-content\/uploads\/2013\/05\/blanc_isabelleB-300x263.jpg\" width=\"300\" height=\"263\" srcset=\"https:\/\/www.broderieplaisir.eu\/wp-content\/uploads\/2013\/05\/blanc_isabelleB-300x263.jpg 300w, https:\/\/www.broderieplaisir.eu\/wp-content\/uploads\/2013\/05\/blanc_isabelleB.jpg 800w\" sizes=\"auto, (max-width: 300px) 100vw, 300px\" \/><\/a><p id=\"caption-attachment-1811\" class=\"wp-caption-text\">La touche indienne d&rsquo;Isabelle B.<\/p><\/div>\n<div id=\"attachment_1812\" style=\"width: 310px\" class=\"wp-caption alignleft\"><a href=\"http:\/\/www.broderieplaisir.eu\/wp-content\/uploads\/2013\/05\/blanc_virginie.jpg\"><img loading=\"lazy\" decoding=\"async\" aria-describedby=\"caption-attachment-1812\" class=\"size-medium wp-image-1812 \" style=\"border: 2px solid black;\" alt=\"Le carr\u00e9 romantique de Virginie\" src=\"http:\/\/www.broderieplaisir.eu\/wp-content\/uploads\/2013\/05\/blanc_virginie-300x274.jpg\" width=\"300\" height=\"274\" srcset=\"https:\/\/www.broderieplaisir.eu\/wp-content\/uploads\/2013\/05\/blanc_virginie-300x274.jpg 300w, https:\/\/www.broderieplaisir.eu\/wp-content\/uploads\/2013\/05\/blanc_virginie.jpg 800w\" sizes=\"auto, (max-width: 300px) 100vw, 300px\" \/><\/a><p id=\"caption-attachment-1812\" class=\"wp-caption-text\">Le carr\u00e9 romantique de Virginie<\/p><\/div>\n<div id=\"attachment_1813\" style=\"width: 310px\" class=\"wp-caption alignleft\"><a href=\"http:\/\/www.broderieplaisir.eu\/wp-content\/uploads\/2013\/05\/bouquet_virginie.jpg\"><img loading=\"lazy\" decoding=\"async\" aria-describedby=\"caption-attachment-1813\" class=\"size-medium wp-image-1813 \" style=\"border: 2px solid black;\" alt=\"Le bouquet de la f\u00e9e, de Virginie\" src=\"http:\/\/www.broderieplaisir.eu\/wp-content\/uploads\/2013\/05\/bouquet_virginie-300x276.jpg\" width=\"300\" height=\"276\" srcset=\"https:\/\/www.broderieplaisir.eu\/wp-content\/uploads\/2013\/05\/bouquet_virginie-300x276.jpg 300w, https:\/\/www.broderieplaisir.eu\/wp-content\/uploads\/2013\/05\/bouquet_virginie.jpg 800w\" sizes=\"auto, (max-width: 300px) 100vw, 300px\" \/><\/a><p id=\"caption-attachment-1813\" class=\"wp-caption-text\">Le bouquet de la f\u00e9e, de Virginie<\/p><\/div>\n<p>&nbsp;<\/p>\n<p>&nbsp;<\/p>\n<p>&nbsp;<\/p>\n<p>&nbsp;<\/p>\n<p>&nbsp;<\/p>\n<p>&nbsp;<\/p>\n<p>&nbsp;<\/p>\n<p>&nbsp;<\/p>\n<p>&nbsp;<\/p>\n<p>&nbsp;<\/p>\n<p>&nbsp;<\/p>\n<p>&nbsp;<\/p>\n<p>&nbsp;<\/p>\n<p>&nbsp;<\/p>\n<p>&nbsp;<\/p>\n<p>&nbsp;<\/p>\n<p>&nbsp;<\/p>\n<p>&nbsp;<\/p>\n<p>&nbsp;<\/p>\n<p>&nbsp;<\/p>\n<p>&nbsp;<\/p>\n<p>&nbsp;<\/p>\n<p>&nbsp;<\/p>\n<p>&nbsp;<\/p>\n<p>&nbsp;<\/p>\n<p>&nbsp;<\/p>\n<p>&nbsp;<\/p>\n<p>&nbsp;<\/p>\n<p>&nbsp;<\/p>\n<p>&nbsp;<\/p>\n<p>&nbsp;<\/p>\n<p>&nbsp;<\/p>\n<p>&nbsp;<\/p>\n<p>&nbsp;<\/p>\n<p>&nbsp;<\/p>\n<p style=\"text-align: left;\">Et pour les noirs :<\/p>\n<div id=\"attachment_1818\" style=\"width: 310px\" class=\"wp-caption alignleft\"><a href=\"http:\/\/www.broderieplaisir.eu\/wp-content\/uploads\/2013\/05\/noir_laurence.jpg\"><img loading=\"lazy\" decoding=\"async\" aria-describedby=\"caption-attachment-1818\" class=\"size-medium wp-image-1818 \" style=\"border: 2px solid black;\" alt=\"L'arachn\u00e9en de Laurence\" src=\"http:\/\/www.broderieplaisir.eu\/wp-content\/uploads\/2013\/05\/noir_laurence-300x300.jpg\" width=\"300\" height=\"300\" srcset=\"https:\/\/www.broderieplaisir.eu\/wp-content\/uploads\/2013\/05\/noir_laurence-300x300.jpg 300w, https:\/\/www.broderieplaisir.eu\/wp-content\/uploads\/2013\/05\/noir_laurence-150x150.jpg 150w, https:\/\/www.broderieplaisir.eu\/wp-content\/uploads\/2013\/05\/noir_laurence.jpg 800w\" sizes=\"auto, (max-width: 300px) 100vw, 300px\" \/><\/a><p id=\"caption-attachment-1818\" class=\"wp-caption-text\">L&rsquo;arachn\u00e9en de Laurence<\/p><\/div>\n<p>&nbsp;<\/p>\n<p>&nbsp;<\/p>\n<p>&nbsp;<\/p>\n<p>&nbsp;<\/p>\n<p>&nbsp;<\/p>\n<p>&nbsp;<\/p>\n<p>&nbsp;<\/p>\n<p>&nbsp;<\/p>\n<div id=\"attachment_1816\" style=\"width: 310px\" class=\"wp-caption alignleft\"><a href=\"http:\/\/www.broderieplaisir.eu\/wp-content\/uploads\/2013\/05\/noir_virginie.jpg\"><img loading=\"lazy\" decoding=\"async\" aria-describedby=\"caption-attachment-1816\" class=\"size-medium wp-image-1816 \" style=\"border: 2px solid black;\" alt=\"La vague de Virginie\" src=\"http:\/\/www.broderieplaisir.eu\/wp-content\/uploads\/2013\/05\/noir_virginie-300x278.jpg\" width=\"300\" height=\"278\" srcset=\"https:\/\/www.broderieplaisir.eu\/wp-content\/uploads\/2013\/05\/noir_virginie-300x278.jpg 300w, https:\/\/www.broderieplaisir.eu\/wp-content\/uploads\/2013\/05\/noir_virginie.jpg 760w\" sizes=\"auto, (max-width: 300px) 100vw, 300px\" \/><\/a><p id=\"caption-attachment-1816\" class=\"wp-caption-text\">La vague de Virginie<\/p><\/div>\n<p>&nbsp;<\/p>\n<p>&nbsp;<\/p>\n<p>&nbsp;<\/p>\n<p>&nbsp;<\/p>\n<p>&nbsp;<\/p>\n<p>&nbsp;<\/p>\n<p>&nbsp;<\/p>\n<div id=\"attachment_1814\" style=\"width: 310px\" class=\"wp-caption alignleft\"><a href=\"http:\/\/www.broderieplaisir.eu\/wp-content\/uploads\/2013\/05\/noir_isabelle.jpg\"><img loading=\"lazy\" decoding=\"async\" aria-describedby=\"caption-attachment-1814\" class=\"size-medium wp-image-1814 \" style=\"border: 2px solid black;\" alt=\"Le &quot;Soulage&quot; d'Isabelle \" src=\"http:\/\/www.broderieplaisir.eu\/wp-content\/uploads\/2013\/05\/noir_isabelle-300x278.jpg\" width=\"300\" height=\"278\" srcset=\"https:\/\/www.broderieplaisir.eu\/wp-content\/uploads\/2013\/05\/noir_isabelle-300x278.jpg 300w, https:\/\/www.broderieplaisir.eu\/wp-content\/uploads\/2013\/05\/noir_isabelle.jpg 800w\" sizes=\"auto, (max-width: 300px) 100vw, 300px\" \/><\/a><p id=\"caption-attachment-1814\" class=\"wp-caption-text\">Le \u00ab\u00a0Soulage\u00a0\u00bb d&rsquo;Isabelle<\/p><\/div>\n<p>&nbsp;<\/p>\n<p>&nbsp;<\/p>\n<p>&nbsp;<\/p>\n<p>&nbsp;<\/p>\n<p>&nbsp;<\/p>\n<p>&nbsp;<\/p>\n<p>&nbsp;<\/p>\n<div id=\"attachment_1815\" style=\"width: 310px\" class=\"wp-caption alignleft\"><a href=\"http:\/\/www.broderieplaisir.eu\/wp-content\/uploads\/2013\/05\/noir_M_Laure.jpg\"><img loading=\"lazy\" decoding=\"async\" aria-describedby=\"caption-attachment-1815\" class=\"size-medium wp-image-1815 \" style=\"border: 2px solid black;\" alt=\"Le moulin de Marie-Laure\" src=\"http:\/\/www.broderieplaisir.eu\/wp-content\/uploads\/2013\/05\/noir_M_Laure-300x264.jpg\" width=\"300\" height=\"264\" srcset=\"https:\/\/www.broderieplaisir.eu\/wp-content\/uploads\/2013\/05\/noir_M_Laure-300x264.jpg 300w, https:\/\/www.broderieplaisir.eu\/wp-content\/uploads\/2013\/05\/noir_M_Laure.jpg 800w\" sizes=\"auto, (max-width: 300px) 100vw, 300px\" \/><\/a><p id=\"caption-attachment-1815\" class=\"wp-caption-text\">Le moulin de Marie-Laure<\/p><\/div>\n<p>&nbsp;<\/p>\n<p>&nbsp;<\/p>\n<p>&nbsp;<\/p>\n<p>&nbsp;<\/p>\n<p>&nbsp;<\/p>\n<p>&nbsp;<\/p>\n<p>&nbsp;<\/p>\n<p>&nbsp;<\/p>\n<p>&nbsp;<\/p>\n<p>&nbsp;<\/p>\n<p>&nbsp;<\/p>\n<p>&nbsp;<\/p>\n<p>&nbsp;<\/p>\n<p>&nbsp;<\/p>\n<p>&nbsp;<\/p>\n<p>&nbsp;<\/p>\n<p style=\"text-align: left;\">A bient\u00f4t.<\/p>\n","protected":false},"excerpt":{"rendered":"<p>Bonjour, voici les derni\u00e8res r\u00e9alisations des \u00e9l\u00e8ves de Caroline Gamb, professeur de broderie d&rsquo;art \u00e0 l&rsquo;Aclig, pour l&rsquo;exposition pr\u00e9vue \u00e0 la fin de la semaine. Les broderies blanches : &nbsp; &nbsp; &nbsp; &nbsp; &nbsp; &nbsp; &nbsp; &nbsp; &nbsp; &nbsp; &nbsp; &nbsp; &nbsp; &nbsp; &nbsp; &nbsp; &nbsp; &nbsp; &nbsp; &nbsp; &nbsp; &nbsp; &nbsp; &nbsp; &nbsp; &nbsp; <a class=\"more-link\" href=\"https:\/\/www.broderieplaisir.eu\/?p=1810\">la suite&#8230; <i class=\"fa fa-chevron-right\"><\/i><\/a><\/p>\n","protected":false},"author":2,"featured_media":0,"comment_status":"open","ping_status":"open","sticky":false,"template":"","format":"standard","meta":{"footnotes":""},"categories":[6],"tags":[15,25,70],"class_list":["post-1810","post","type-post","status-publish","format-standard","hentry","category-broderie-dart","tag-broderie-dart-2","tag-broderie-de-luneville","tag-broderie-en-noir-et-blanc"],"_links":{"self":[{"href":"https:\/\/www.broderieplaisir.eu\/index.php?rest_route=\/wp\/v2\/posts\/1810","targetHints":{"allow":["GET"]}}],"collection":[{"href":"https:\/\/www.broderieplaisir.eu\/index.php?rest_route=\/wp\/v2\/posts"}],"about":[{"href":"https:\/\/www.broderieplaisir.eu\/index.php?rest_route=\/wp\/v2\/types\/post"}],"author":[{"embeddable":true,"href":"https:\/\/www.broderieplaisir.eu\/index.php?rest_route=\/wp\/v2\/users\/2"}],"replies":[{"embeddable":true,"href":"https:\/\/www.broderieplaisir.eu\/index.php?rest_route=%2Fwp%2Fv2%2Fcomments&post=1810"}],"version-history":[{"count":34,"href":"https:\/\/www.broderieplaisir.eu\/index.php?rest_route=\/wp\/v2\/posts\/1810\/revisions"}],"predecessor-version":[{"id":1852,"href":"https:\/\/www.broderieplaisir.eu\/index.php?rest_route=\/wp\/v2\/posts\/1810\/revisions\/1852"}],"wp:attachment":[{"href":"https:\/\/www.broderieplaisir.eu\/index.php?rest_route=%2Fwp%2Fv2%2Fmedia&parent=1810"}],"wp:term":[{"taxonomy":"category","embeddable":true,"href":"https:\/\/www.broderieplaisir.eu\/index.php?rest_route=%2Fwp%2Fv2%2Fcategories&post=1810"},{"taxonomy":"post_tag","embeddable":true,"href":"https:\/\/www.broderieplaisir.eu\/index.php?rest_route=%2Fwp%2Fv2%2Ftags&post=1810"}],"curies":[{"name":"wp","href":"https:\/\/api.w.org\/{rel}","templated":true}]}}