{"id":1991,"date":"2013-06-12T15:28:01","date_gmt":"2013-06-12T14:28:01","guid":{"rendered":"http:\/\/www.broderieplaisir.eu\/?p=1991"},"modified":"2013-06-12T15:28:01","modified_gmt":"2013-06-12T14:28:01","slug":"les-broderies-se-sont-exposees-au-jardin-sous-le-soleil","status":"publish","type":"post","link":"https:\/\/www.broderieplaisir.eu\/?p=1991","title":{"rendered":"Les broderies se sont expos\u00e9es au jardin, sous le soleil"},"content":{"rendered":"<p>Bonjour,<\/p>\n<p>cette ann\u00e9e encore, Francine Zeil et son mari nous ont concoct\u00e9 la 7 \u00e8me \u00e9dition des \u00ab\u00a0broderies s&rsquo;exposent au jardin\u00a0\u00bb dans un cocon de verdure, sous un soleil radieux et en toute convivialit\u00e9.<\/p>\n<p>Caroline Gamb, accompagn\u00e9e de plusieurs \u00e9l\u00e8ves, a propos\u00e9 des d\u00e9monstrations de broderie de Lun\u00e9ville, qui ont toujours autant de succ\u00e8s et ont fait des \u00e9mules; beaucoup de nouvelles \u00e9l\u00e8ves en perspective pour la rentr\u00e9e prochaine.<\/p>\n<table style=\"border-color: #000000; border-width: 0px;\" border=\"0\" frame=\"border\" align=\"center\">\n<tbody>\n<tr>\n<td>\n<p><div id=\"attachment_1993\" style=\"width: 289px\" class=\"wp-caption aligncenter\"><a href=\"http:\/\/www.broderieplaisir.eu\/wp-content\/uploads\/2013\/06\/christiane.jpg\"><img loading=\"lazy\" decoding=\"async\" aria-describedby=\"caption-attachment-1993\" class=\"size-medium wp-image-1993\" alt=\"Christiane a \u00e9t\u00e9 appliqu\u00e9e et fid\u00e8le au poste les 3 jours\" src=\"http:\/\/www.broderieplaisir.eu\/wp-content\/uploads\/2013\/06\/christiane-300x257.jpg\" width=\"279\" height=\"240\" srcset=\"https:\/\/www.broderieplaisir.eu\/wp-content\/uploads\/2013\/06\/christiane-300x257.jpg 300w, https:\/\/www.broderieplaisir.eu\/wp-content\/uploads\/2013\/06\/christiane-1024x878.jpg 1024w, https:\/\/www.broderieplaisir.eu\/wp-content\/uploads\/2013\/06\/christiane.jpg 1200w\" sizes=\"auto, (max-width: 279px) 100vw, 279px\" \/><\/a><p id=\"caption-attachment-1993\" class=\"wp-caption-text\">Christiane, qui a \u00e9t\u00e9 appliqu\u00e9e et fid\u00e8le au poste durant les 3 jours<\/p><\/div><\/td>\n<td>\n<p><div id=\"attachment_1994\" style=\"width: 290px\" class=\"wp-caption aligncenter\"><a href=\"http:\/\/www.broderieplaisir.eu\/wp-content\/uploads\/2013\/06\/Isabelle.jpg\"><img loading=\"lazy\" decoding=\"async\" aria-describedby=\"caption-attachment-1994\" class=\"size-medium wp-image-1994\" alt=\"Accompagn\u00e9e d'Isabelle, ravie de ses gants en dentelle d\u00e9nich\u00e9s sur le stand voisin\" src=\"http:\/\/www.broderieplaisir.eu\/wp-content\/uploads\/2013\/06\/Isabelle-300x249.jpg\" width=\"280\" height=\"233\" srcset=\"https:\/\/www.broderieplaisir.eu\/wp-content\/uploads\/2013\/06\/Isabelle-300x249.jpg 300w, https:\/\/www.broderieplaisir.eu\/wp-content\/uploads\/2013\/06\/Isabelle-1024x849.jpg 1024w, https:\/\/www.broderieplaisir.eu\/wp-content\/uploads\/2013\/06\/Isabelle.jpg 1200w\" sizes=\"auto, (max-width: 280px) 100vw, 280px\" \/><\/a><p id=\"caption-attachment-1994\" class=\"wp-caption-text\">Accompagn\u00e9e d&rsquo;Isabelle, ravie de ses gants en dentelle d\u00e9nich\u00e9s sur le stand voisin<\/p><\/div><\/td>\n<\/tr>\n<tr>\n<td>\n<p><div id=\"attachment_2003\" style=\"width: 249px\" class=\"wp-caption aligncenter\"><a href=\"http:\/\/www.broderieplaisir.eu\/wp-content\/uploads\/2013\/06\/entree1.jpg\"><img loading=\"lazy\" decoding=\"async\" aria-describedby=\"caption-attachment-2003\" class=\"size-medium wp-image-2003\" alt=\"entree\" src=\"http:\/\/www.broderieplaisir.eu\/wp-content\/uploads\/2013\/06\/entree1-300x300.jpg\" width=\"239\" height=\"239\" srcset=\"https:\/\/www.broderieplaisir.eu\/wp-content\/uploads\/2013\/06\/entree1-300x300.jpg 300w, https:\/\/www.broderieplaisir.eu\/wp-content\/uploads\/2013\/06\/entree1-150x150.jpg 150w, https:\/\/www.broderieplaisir.eu\/wp-content\/uploads\/2013\/06\/entree1.jpg 777w\" sizes=\"auto, (max-width: 239px) 100vw, 239px\" \/><\/a><p id=\"caption-attachment-2003\" class=\"wp-caption-text\">Nous partagions \u00e0 nouveau la \u00ab\u00a0chambre bleue\u00a0\u00bb avec Cathy Kilian<\/p><\/div><\/td>\n<td>\n<p><div id=\"attachment_1998\" style=\"width: 288px\" class=\"wp-caption aligncenter\"><a href=\"http:\/\/www.broderieplaisir.eu\/wp-content\/uploads\/2013\/06\/CK.jpg\"><img loading=\"lazy\" decoding=\"async\" aria-describedby=\"caption-attachment-1998\" class=\"size-medium wp-image-1998\" alt=\"Et sommes une nouvelle fois tomb\u00e9es sous le charme de ses cr\u00e9ations\" src=\"http:\/\/www.broderieplaisir.eu\/wp-content\/uploads\/2013\/06\/CK-300x225.jpg\" width=\"278\" height=\"208\" srcset=\"https:\/\/www.broderieplaisir.eu\/wp-content\/uploads\/2013\/06\/CK-300x225.jpg 300w, https:\/\/www.broderieplaisir.eu\/wp-content\/uploads\/2013\/06\/CK-1024x768.jpg 1024w, https:\/\/www.broderieplaisir.eu\/wp-content\/uploads\/2013\/06\/CK.jpg 1200w\" sizes=\"auto, (max-width: 278px) 100vw, 278px\" \/><\/a><p id=\"caption-attachment-1998\" class=\"wp-caption-text\">Et sommes une nouvelle fois tomb\u00e9es sous le charme de ses cr\u00e9ations<\/p><\/div><\/td>\n<\/tr>\n<tr>\n<td>\n<p><div id=\"attachment_2000\" style=\"width: 292px\" class=\"wp-caption aligncenter\"><a href=\"http:\/\/www.broderieplaisir.eu\/wp-content\/uploads\/2013\/06\/stand.jpg\"><img loading=\"lazy\" decoding=\"async\" aria-describedby=\"caption-attachment-2000\" class=\"size-medium wp-image-2000\" alt=\"Notre stand &quot;Broderie Plaisir&quot;\" src=\"http:\/\/www.broderieplaisir.eu\/wp-content\/uploads\/2013\/06\/stand-300x225.jpg\" width=\"282\" height=\"215\" \/><\/a><p id=\"caption-attachment-2000\" class=\"wp-caption-text\">Notre stand \u00ab\u00a0Broderie Plaisir\u00a0\u00bb, avec nos fournitures et les cr\u00e9ations de Caroline Gamb<\/p><\/div><\/td>\n<td>\n<p><div id=\"attachment_2001\" style=\"width: 236px\" class=\"wp-caption aligncenter\"><a href=\"http:\/\/www.broderieplaisir.eu\/wp-content\/uploads\/2013\/06\/GO.jpg\"><img loading=\"lazy\" decoding=\"async\" aria-describedby=\"caption-attachment-2001\" class=\"size-medium wp-image-2001\" alt=\"Et Francine Zeil, notre &quot;GO&quot;, derri\u00e8re qui nous apercevons Marie-Ange, qui pr\u00e9sentait ses ravissants bijoux et bo\u00eetes brod\u00e9es\" src=\"http:\/\/www.broderieplaisir.eu\/wp-content\/uploads\/2013\/06\/GO-265x300.jpg\" width=\"226\" height=\"256\" srcset=\"https:\/\/www.broderieplaisir.eu\/wp-content\/uploads\/2013\/06\/GO-265x300.jpg 265w, https:\/\/www.broderieplaisir.eu\/wp-content\/uploads\/2013\/06\/GO-905x1024.jpg 905w, https:\/\/www.broderieplaisir.eu\/wp-content\/uploads\/2013\/06\/GO.jpg 1200w\" sizes=\"auto, (max-width: 226px) 100vw, 226px\" \/><\/a><p id=\"caption-attachment-2001\" class=\"wp-caption-text\">Et Francine Zeil, notre \u00ab\u00a0GO\u00a0\u00bb, ainsi que Marie-Ange, qui pr\u00e9sentait ses ravissants bijoux et bo\u00eetes brod\u00e9es<\/p><\/div><\/td>\n<\/tr>\n<\/tbody>\n<\/table>\n<p>&nbsp;<\/p>\n<p>Un grand merci aux amis et clients qui nous ont rendu visite, ainsi qu&rsquo;aux autres exposants et \u00e0 nos h\u00f4tes, pour leur gentillesse, leur bonne humeur et leur efficacit\u00e9.<\/p>\n<p>A bient\u00f4t.<\/p>\n","protected":false},"excerpt":{"rendered":"<p>Bonjour, cette ann\u00e9e encore, Francine Zeil et son mari nous ont concoct\u00e9 la 7 \u00e8me \u00e9dition des \u00ab\u00a0broderies s&rsquo;exposent au jardin\u00a0\u00bb dans un cocon de verdure, sous un soleil radieux et en toute convivialit\u00e9. Caroline Gamb, accompagn\u00e9e de plusieurs \u00e9l\u00e8ves, a propos\u00e9 des d\u00e9monstrations de broderie de Lun\u00e9ville, qui ont toujours autant de succ\u00e8s et <a class=\"more-link\" href=\"https:\/\/www.broderieplaisir.eu\/?p=1991\">la suite&#8230; <i class=\"fa fa-chevron-right\"><\/i><\/a><\/p>\n","protected":false},"author":2,"featured_media":0,"comment_status":"open","ping_status":"open","sticky":false,"template":"","format":"standard","meta":{"footnotes":""},"categories":[6,74],"tags":[25,64],"class_list":["post-1991","post","type-post","status-publish","format-standard","hentry","category-broderie-dart","category-exposition","tag-broderie-de-luneville","tag-exposition-de-broderie"],"_links":{"self":[{"href":"https:\/\/www.broderieplaisir.eu\/index.php?rest_route=\/wp\/v2\/posts\/1991","targetHints":{"allow":["GET"]}}],"collection":[{"href":"https:\/\/www.broderieplaisir.eu\/index.php?rest_route=\/wp\/v2\/posts"}],"about":[{"href":"https:\/\/www.broderieplaisir.eu\/index.php?rest_route=\/wp\/v2\/types\/post"}],"author":[{"embeddable":true,"href":"https:\/\/www.broderieplaisir.eu\/index.php?rest_route=\/wp\/v2\/users\/2"}],"replies":[{"embeddable":true,"href":"https:\/\/www.broderieplaisir.eu\/index.php?rest_route=%2Fwp%2Fv2%2Fcomments&post=1991"}],"version-history":[{"count":13,"href":"https:\/\/www.broderieplaisir.eu\/index.php?rest_route=\/wp\/v2\/posts\/1991\/revisions"}],"predecessor-version":[{"id":2011,"href":"https:\/\/www.broderieplaisir.eu\/index.php?rest_route=\/wp\/v2\/posts\/1991\/revisions\/2011"}],"wp:attachment":[{"href":"https:\/\/www.broderieplaisir.eu\/index.php?rest_route=%2Fwp%2Fv2%2Fmedia&parent=1991"}],"wp:term":[{"taxonomy":"category","embeddable":true,"href":"https:\/\/www.broderieplaisir.eu\/index.php?rest_route=%2Fwp%2Fv2%2Fcategories&post=1991"},{"taxonomy":"post_tag","embeddable":true,"href":"https:\/\/www.broderieplaisir.eu\/index.php?rest_route=%2Fwp%2Fv2%2Ftags&post=1991"}],"curies":[{"name":"wp","href":"https:\/\/api.w.org\/{rel}","templated":true}]}}