{"id":2026,"date":"2013-06-13T16:03:33","date_gmt":"2013-06-13T15:03:33","guid":{"rendered":"http:\/\/www.broderieplaisir.eu\/?p=2026"},"modified":"2013-08-01T10:38:02","modified_gmt":"2013-08-01T09:38:02","slug":"cet-ete-vous-pouvez-compter-sur-broderie-plaisir","status":"publish","type":"post","link":"https:\/\/www.broderieplaisir.eu\/?p=2026","title":{"rendered":"Cet \u00e9t\u00e9, vous pouvez compter sur Broderie Plaisir"},"content":{"rendered":"<p>Bonjour,<\/p>\n<p><strong>en cette p\u00e9riode estivale, vous pouvez compter sur nous<\/strong>; vos broderies et autres travaux d&rsquo;aiguilles pourront avancer car nous seront fid\u00e8les au poste.<\/p>\n<p>Nous r\u00e9duirons l\u00e9g\u00e8rement nos horaires hebdomadaires et prendrons quelques jours de pause en <strong>juillet, du 8 au 14<\/strong> et en <strong>ao\u00fbt, du 12 au 19,<\/strong> mais assez espac\u00e9es pour que vous puissiez nous commander et recevoir rapidement vos fournitures.<\/p>\n<p>Nous vous pr\u00e9ciserons les horaires d&rsquo;\u00e9t\u00e9 et les dates de fermetures \u00e0 l&rsquo;avance, sur la page d&rsquo;accueil de Broderie Plaisir afin que vous ne soyez pas pris de cours.<\/p>\n<p><a href=\"http:\/\/www.broderieplaisir.eu\/wp-content\/uploads\/2013\/06\/pause.jpg\"><img loading=\"lazy\" decoding=\"async\" class=\"size-full wp-image-2028 alignnone\" style=\"border: 3px solid black;\" alt=\"pause\" src=\"http:\/\/www.broderieplaisir.eu\/wp-content\/uploads\/2013\/06\/pause.jpg\" width=\"102\" height=\"102\" srcset=\"https:\/\/www.broderieplaisir.eu\/wp-content\/uploads\/2013\/06\/pause.jpg 186w, https:\/\/www.broderieplaisir.eu\/wp-content\/uploads\/2013\/06\/pause-150x150.jpg 150w\" sizes=\"auto, (max-width: 102px) 100vw, 102px\" \/><\/a><\/p>\n<p>Bel \u00e9t\u00e9 et \u00e0 bient\u00f4t.<\/p>\n","protected":false},"excerpt":{"rendered":"<p>Bonjour, en cette p\u00e9riode estivale, vous pouvez compter sur nous; vos broderies et autres travaux d&rsquo;aiguilles pourront avancer car nous seront fid\u00e8les au poste. Nous r\u00e9duirons l\u00e9g\u00e8rement nos horaires hebdomadaires et prendrons quelques jours de pause en juillet, du 8 au 14 et en ao\u00fbt, du 12 au 19, mais assez espac\u00e9es pour que vous <a class=\"more-link\" href=\"https:\/\/www.broderieplaisir.eu\/?p=2026\">la suite&#8230; <i class=\"fa fa-chevron-right\"><\/i><\/a><\/p>\n","protected":false},"author":2,"featured_media":0,"comment_status":"open","ping_status":"open","sticky":false,"template":"","format":"standard","meta":{"footnotes":""},"categories":[39],"tags":[15,25],"class_list":["post-2026","post","type-post","status-publish","format-standard","hentry","category-actualites","tag-broderie-dart-2","tag-broderie-de-luneville"],"_links":{"self":[{"href":"https:\/\/www.broderieplaisir.eu\/index.php?rest_route=\/wp\/v2\/posts\/2026","targetHints":{"allow":["GET"]}}],"collection":[{"href":"https:\/\/www.broderieplaisir.eu\/index.php?rest_route=\/wp\/v2\/posts"}],"about":[{"href":"https:\/\/www.broderieplaisir.eu\/index.php?rest_route=\/wp\/v2\/types\/post"}],"author":[{"embeddable":true,"href":"https:\/\/www.broderieplaisir.eu\/index.php?rest_route=\/wp\/v2\/users\/2"}],"replies":[{"embeddable":true,"href":"https:\/\/www.broderieplaisir.eu\/index.php?rest_route=%2Fwp%2Fv2%2Fcomments&post=2026"}],"version-history":[{"count":14,"href":"https:\/\/www.broderieplaisir.eu\/index.php?rest_route=\/wp\/v2\/posts\/2026\/revisions"}],"predecessor-version":[{"id":2040,"href":"https:\/\/www.broderieplaisir.eu\/index.php?rest_route=\/wp\/v2\/posts\/2026\/revisions\/2040"}],"wp:attachment":[{"href":"https:\/\/www.broderieplaisir.eu\/index.php?rest_route=%2Fwp%2Fv2%2Fmedia&parent=2026"}],"wp:term":[{"taxonomy":"category","embeddable":true,"href":"https:\/\/www.broderieplaisir.eu\/index.php?rest_route=%2Fwp%2Fv2%2Fcategories&post=2026"},{"taxonomy":"post_tag","embeddable":true,"href":"https:\/\/www.broderieplaisir.eu\/index.php?rest_route=%2Fwp%2Fv2%2Ftags&post=2026"}],"curies":[{"name":"wp","href":"https:\/\/api.w.org\/{rel}","templated":true}]}}