{"id":2805,"date":"2014-04-16T15:57:09","date_gmt":"2014-04-16T14:57:09","guid":{"rendered":"http:\/\/www.broderieplaisir.eu\/?p=2805"},"modified":"2014-04-16T16:08:29","modified_gmt":"2014-04-16T15:08:29","slug":"de-retour-de-colmar","status":"publish","type":"post","link":"https:\/\/www.broderieplaisir.eu\/?p=2805","title":{"rendered":"De retour de Colmar"},"content":{"rendered":"<p><span style=\"font-size: medium;\">Bonjour,<\/span><\/p>\n<p><span style=\"font-size: medium;\">nous avons particip\u00e9 la semaine derni\u00e8re \u00e0 l&rsquo;exposition Points Passion \u00e0 Colmar.<\/span><\/p>\n<p><span style=\"font-size: medium;\">L&rsquo;occasion de retrouver nos clients, de d\u00e9couvrir leurs cr\u00e9ations et de partager autour de notre passion commune ; c&rsquo;est toujours un aussi grand plaisir.<\/span> <span style=\"font-size: medium;\">Merci \u00e0 tous nos visiteurs.<\/span><br \/>\n<span style=\"font-size: medium;\">Egalement des retrouvailles chaleureuses avec les exposants que nous connaissons d\u00e9j\u00e0 et des rencontres enrichissantes avec de nouveaux cr\u00e9ateurs et artisans<\/span>, <span style=\"font-size: medium;\">dans le bel \u00e9crin du Ko\u00effhus, superbe lieu.<\/span><\/p>\n<table style=\"border-color: #742a97; border-width: 2px;\" border=\"2\" align=\"center\">\n<tbody>\n<tr>\n<td>\n<p><div id=\"attachment_2807\" style=\"width: 278px\" class=\"wp-caption aligncenter\"><a href=\"http:\/\/www.broderieplaisir.eu\/wp-content\/uploads\/2014\/04\/colmar2014b-1024x767.jpg\"><img loading=\"lazy\" decoding=\"async\" aria-describedby=\"caption-attachment-2807\" class=\"size-medium wp-image-2807\" alt=\"Stand Broderie Plaisir\" src=\"http:\/\/www.broderieplaisir.eu\/wp-content\/uploads\/2014\/04\/colmar2014b-1024x767-300x224.jpg\" width=\"268\" height=\"200\" srcset=\"https:\/\/www.broderieplaisir.eu\/wp-content\/uploads\/2014\/04\/colmar2014b-1024x767-300x224.jpg 300w, https:\/\/www.broderieplaisir.eu\/wp-content\/uploads\/2014\/04\/colmar2014b-1024x767.jpg 1024w\" sizes=\"auto, (max-width: 268px) 100vw, 268px\" \/><\/a><p id=\"caption-attachment-2807\" class=\"wp-caption-text\">Le stand Broderie Plaisir<\/p><\/div><\/td>\n<td>\n<p><div id=\"attachment_2808\" style=\"width: 277px\" class=\"wp-caption aligncenter\"><a href=\"http:\/\/www.broderieplaisir.eu\/wp-content\/uploads\/2014\/04\/colmar2014c-1024x767.jpg\"><img loading=\"lazy\" decoding=\"async\" aria-describedby=\"caption-attachment-2808\" class=\"size-medium wp-image-2808\" alt=\"dans la belle salle du 1er\" src=\"http:\/\/www.broderieplaisir.eu\/wp-content\/uploads\/2014\/04\/colmar2014c-1024x767-300x224.jpg\" width=\"267\" height=\"199\" srcset=\"https:\/\/www.broderieplaisir.eu\/wp-content\/uploads\/2014\/04\/colmar2014c-1024x767-300x224.jpg 300w, https:\/\/www.broderieplaisir.eu\/wp-content\/uploads\/2014\/04\/colmar2014c-1024x767.jpg 1024w\" sizes=\"auto, (max-width: 267px) 100vw, 267px\" \/><\/a><p id=\"caption-attachment-2808\" class=\"wp-caption-text\">dans la belle salle du 1er \u00e9tage<\/p><\/div><\/td>\n<\/tr>\n<\/tbody>\n<\/table>\n<p>&nbsp;<\/p>\n<p><span style=\"font-size: medium;\">C&rsquo;\u00e9tait la premi\u00e8re d\u00e9monstration de <strong>Brode-Art<\/strong>, l&rsquo;association de promotion de la Broderie d&rsquo;Art,\u00a0 anim\u00e9e par Caroline Gamb.<\/span><\/p>\n<p><span style=\"font-size: medium;\">Des b\u00e9n\u00e9voles de l&rsquo;association et des \u00e9l\u00e8ves de Caroline sont venues broder, durant les 3 jours d&rsquo;exposition, afin de faire conna\u00eetre la broderie de Lun\u00e9ville et montrer les diff\u00e9rentes techniques de broderie d&rsquo;art aux visiteurs.<br \/>\nNous avions \u00e9galement expos\u00e9 un grand nombre de cr\u00e9ations brod\u00e9es.<br \/>\nCette d\u00e9monstration a connu un franc succ\u00e8s.<\/span><\/p>\n<table style=\"border-color: #9336a0; border-width: 2px;\" border=\"2\" align=\"center\">\n<tbody>\n<tr>\n<td>\n<p><div id=\"attachment_2813\" style=\"width: 288px\" class=\"wp-caption aligncenter\"><a href=\"http:\/\/www.broderieplaisir.eu\/wp-content\/uploads\/2014\/04\/brode-art1-1024x767.jpg\"><img loading=\"lazy\" decoding=\"async\" aria-describedby=\"caption-attachment-2813\" class=\"size-medium wp-image-2813\" alt=\"Le stand de Brode-Art\" src=\"http:\/\/www.broderieplaisir.eu\/wp-content\/uploads\/2014\/04\/brode-art1-1024x767-300x224.jpg\" width=\"278\" height=\"208\" srcset=\"https:\/\/www.broderieplaisir.eu\/wp-content\/uploads\/2014\/04\/brode-art1-1024x767-300x224.jpg 300w, https:\/\/www.broderieplaisir.eu\/wp-content\/uploads\/2014\/04\/brode-art1-1024x767.jpg 1024w\" sizes=\"auto, (max-width: 278px) 100vw, 278px\" \/><\/a><p id=\"caption-attachment-2813\" class=\"wp-caption-text\">Le stand de Brode-Art<\/p><\/div><\/td>\n<td>\n<p><div id=\"attachment_2815\" style=\"width: 290px\" class=\"wp-caption aligncenter\"><a href=\"http:\/\/www.broderieplaisir.eu\/wp-content\/uploads\/2014\/04\/coussinjosette-1024x768.jpg\"><img loading=\"lazy\" decoding=\"async\" aria-describedby=\"caption-attachment-2815\" class=\"size-medium wp-image-2815\" alt=\"Le coussin brod\u00e9 de Josette\" src=\"http:\/\/www.broderieplaisir.eu\/wp-content\/uploads\/2014\/04\/coussinjosette-1024x768-300x225.jpg\" width=\"280\" height=\"211\" srcset=\"https:\/\/www.broderieplaisir.eu\/wp-content\/uploads\/2014\/04\/coussinjosette-1024x768-300x225.jpg 300w, https:\/\/www.broderieplaisir.eu\/wp-content\/uploads\/2014\/04\/coussinjosette-1024x768.jpg 1024w\" sizes=\"auto, (max-width: 280px) 100vw, 280px\" \/><\/a><p id=\"caption-attachment-2815\" class=\"wp-caption-text\">Le coussin brod\u00e9 de Josette<\/p><\/div><\/td>\n<\/tr>\n<tr>\n<td>\n<p><div id=\"attachment_2818\" style=\"width: 289px\" class=\"wp-caption aligncenter\"><a href=\"http:\/\/www.broderieplaisir.eu\/wp-content\/uploads\/2014\/04\/marieandree-1024x767.jpg\"><img loading=\"lazy\" decoding=\"async\" aria-describedby=\"caption-attachment-2818\" class=\"size-medium wp-image-2818\" alt=\"Marie-Andr\u00e9e \" src=\"http:\/\/www.broderieplaisir.eu\/wp-content\/uploads\/2014\/04\/marieandree-1024x767-300x224.jpg\" width=\"279\" height=\"208\" srcset=\"https:\/\/www.broderieplaisir.eu\/wp-content\/uploads\/2014\/04\/marieandree-1024x767-300x224.jpg 300w, https:\/\/www.broderieplaisir.eu\/wp-content\/uploads\/2014\/04\/marieandree-1024x767.jpg 1024w\" sizes=\"auto, (max-width: 279px) 100vw, 279px\" \/><\/a><p id=\"caption-attachment-2818\" class=\"wp-caption-text\">Marie-Andr\u00e9e peaufine son hibou<\/p><\/div><\/td>\n<td>\n<p><div id=\"attachment_2816\" style=\"width: 288px\" class=\"wp-caption aligncenter\"><a href=\"http:\/\/www.broderieplaisir.eu\/wp-content\/uploads\/2014\/04\/feuillejosette-1024x767.jpg\"><img loading=\"lazy\" decoding=\"async\" aria-describedby=\"caption-attachment-2816\" class=\"size-medium wp-image-2816\" alt=\"La feuille de Josette\" src=\"http:\/\/www.broderieplaisir.eu\/wp-content\/uploads\/2014\/04\/feuillejosette-1024x767-300x224.jpg\" width=\"278\" height=\"207\" srcset=\"https:\/\/www.broderieplaisir.eu\/wp-content\/uploads\/2014\/04\/feuillejosette-1024x767-300x224.jpg 300w, https:\/\/www.broderieplaisir.eu\/wp-content\/uploads\/2014\/04\/feuillejosette-1024x767.jpg 1024w\" sizes=\"auto, (max-width: 278px) 100vw, 278px\" \/><\/a><p id=\"caption-attachment-2816\" class=\"wp-caption-text\">Josette termine sa feuille de conte de f\u00e9e<\/p><\/div><\/td>\n<\/tr>\n<tr>\n<td>\n<p><div id=\"attachment_2814\" style=\"width: 288px\" class=\"wp-caption aligncenter\"><a href=\"http:\/\/www.broderieplaisir.eu\/wp-content\/uploads\/2014\/04\/caamarielaure-1024x768.jpg\"><img loading=\"lazy\" decoding=\"async\" aria-describedby=\"caption-attachment-2814\" class=\"size-medium wp-image-2814\" alt=\"Les carnets \u00e0 aiguilles de Marie-Laure\" src=\"http:\/\/www.broderieplaisir.eu\/wp-content\/uploads\/2014\/04\/caamarielaure-1024x768-300x225.jpg\" width=\"278\" height=\"213\" \/><\/a><p id=\"caption-attachment-2814\" class=\"wp-caption-text\">Les carnets \u00e0 aiguilles de Marie-Laure<\/p><\/div><\/td>\n<td>\n<p><div id=\"attachment_2817\" style=\"width: 286px\" class=\"wp-caption aligncenter\"><a href=\"http:\/\/www.broderieplaisir.eu\/wp-content\/uploads\/2014\/04\/isabelle-1024x768.jpg\"><img loading=\"lazy\" decoding=\"async\" aria-describedby=\"caption-attachment-2817\" class=\"size-medium wp-image-2817\" alt=\"Isabelle \" src=\"http:\/\/www.broderieplaisir.eu\/wp-content\/uploads\/2014\/04\/isabelle-1024x768-300x225.jpg\" width=\"276\" height=\"207\" srcset=\"https:\/\/www.broderieplaisir.eu\/wp-content\/uploads\/2014\/04\/isabelle-1024x768-300x225.jpg 300w, https:\/\/www.broderieplaisir.eu\/wp-content\/uploads\/2014\/04\/isabelle-1024x768.jpg 1024w\" sizes=\"auto, (max-width: 276px) 100vw, 276px\" \/><\/a><p id=\"caption-attachment-2817\" class=\"wp-caption-text\">Isabelle brode du rose<\/p><\/div><\/td>\n<\/tr>\n<\/tbody>\n<\/table>\n<p><span style=\"font-size: medium;\">\u00a0<\/span><\/p>\n<p><span style=\"font-size: medium;\">Nous vous proposerons prochainement encore plus de photos de r\u00e9alisations brod\u00e9es, dans le blog de Brode-Art, actuellement en cours de cr\u00e9ation. Nous vous indiquerons le lien d\u00e8s qu&rsquo;il sera en ligne.<\/span><\/p>\n<p><span style=\"font-size: medium;\">A bient\u00f4t.<\/span><\/p>\n","protected":false},"excerpt":{"rendered":"<p>Bonjour, nous avons particip\u00e9 la semaine derni\u00e8re \u00e0 l&rsquo;exposition Points Passion \u00e0 Colmar. L&rsquo;occasion de retrouver nos clients, de d\u00e9couvrir leurs cr\u00e9ations et de partager autour de notre passion commune ; c&rsquo;est toujours un aussi grand plaisir. Merci \u00e0 tous nos visiteurs. Egalement des retrouvailles chaleureuses avec les exposants que nous connaissons d\u00e9j\u00e0 et des <a class=\"more-link\" href=\"https:\/\/www.broderieplaisir.eu\/?p=2805\">la suite&#8230; <i class=\"fa fa-chevron-right\"><\/i><\/a><\/p>\n","protected":false},"author":2,"featured_media":0,"comment_status":"open","ping_status":"open","sticky":false,"template":"","format":"standard","meta":{"footnotes":""},"categories":[6,74],"tags":[124,15,25,64,123],"class_list":["post-2805","post","type-post","status-publish","format-standard","hentry","category-broderie-dart","category-exposition","tag-brode-art","tag-broderie-dart-2","tag-broderie-de-luneville","tag-exposition-de-broderie","tag-points-passion"],"_links":{"self":[{"href":"https:\/\/www.broderieplaisir.eu\/index.php?rest_route=\/wp\/v2\/posts\/2805","targetHints":{"allow":["GET"]}}],"collection":[{"href":"https:\/\/www.broderieplaisir.eu\/index.php?rest_route=\/wp\/v2\/posts"}],"about":[{"href":"https:\/\/www.broderieplaisir.eu\/index.php?rest_route=\/wp\/v2\/types\/post"}],"author":[{"embeddable":true,"href":"https:\/\/www.broderieplaisir.eu\/index.php?rest_route=\/wp\/v2\/users\/2"}],"replies":[{"embeddable":true,"href":"https:\/\/www.broderieplaisir.eu\/index.php?rest_route=%2Fwp%2Fv2%2Fcomments&post=2805"}],"version-history":[{"count":14,"href":"https:\/\/www.broderieplaisir.eu\/index.php?rest_route=\/wp\/v2\/posts\/2805\/revisions"}],"predecessor-version":[{"id":2832,"href":"https:\/\/www.broderieplaisir.eu\/index.php?rest_route=\/wp\/v2\/posts\/2805\/revisions\/2832"}],"wp:attachment":[{"href":"https:\/\/www.broderieplaisir.eu\/index.php?rest_route=%2Fwp%2Fv2%2Fmedia&parent=2805"}],"wp:term":[{"taxonomy":"category","embeddable":true,"href":"https:\/\/www.broderieplaisir.eu\/index.php?rest_route=%2Fwp%2Fv2%2Fcategories&post=2805"},{"taxonomy":"post_tag","embeddable":true,"href":"https:\/\/www.broderieplaisir.eu\/index.php?rest_route=%2Fwp%2Fv2%2Ftags&post=2805"}],"curies":[{"name":"wp","href":"https:\/\/api.w.org\/{rel}","templated":true}]}}