{"id":2852,"date":"2014-05-05T08:44:35","date_gmt":"2014-05-05T07:44:35","guid":{"rendered":"http:\/\/www.broderieplaisir.eu\/?p=2852"},"modified":"2014-05-04T15:46:32","modified_gmt":"2014-05-04T14:46:32","slug":"la-feuille-carnivore","status":"publish","type":"post","link":"https:\/\/www.broderieplaisir.eu\/?p=2852","title":{"rendered":"La feuille carnivore"},"content":{"rendered":"<p><span style=\"font-size: medium;\">Bonjour,<\/span><\/p>\n<p><span style=\"font-size: medium;\">voici la feuille carnivore que j&rsquo;ai brod\u00e9e cette ann\u00e9e au cours de broderie d&rsquo;art anim\u00e9 par Caroline Gamb.<\/span><\/p>\n<table style=\"border-color: #99419f; border-width: 2px;\" border=\"2\" align=\"center\">\n<tbody>\n<tr>\n<td>\n<p><div id=\"attachment_2861\" style=\"width: 227px\" class=\"wp-caption aligncenter\"><a href=\"http:\/\/www.broderieplaisir.eu\/wp-content\/uploads\/2014\/05\/feuill1-806x10241.jpg\"><img loading=\"lazy\" decoding=\"async\" aria-describedby=\"caption-attachment-2861\" class=\"size-medium wp-image-2861\" alt=\"Feuille et fleur carnivore\" src=\"http:\/\/www.broderieplaisir.eu\/wp-content\/uploads\/2014\/05\/feuill1-806x10241-236x300.jpg\" width=\"217\" height=\"276\" srcset=\"https:\/\/www.broderieplaisir.eu\/wp-content\/uploads\/2014\/05\/feuill1-806x10241-236x300.jpg 236w, https:\/\/www.broderieplaisir.eu\/wp-content\/uploads\/2014\/05\/feuill1-806x10241.jpg 806w\" sizes=\"auto, (max-width: 217px) 100vw, 217px\" \/><\/a><p id=\"caption-attachment-2861\" class=\"wp-caption-text\">Feuille et fleur carnivore<\/p><\/div><\/td>\n<td>\n<p><div id=\"attachment_2857\" style=\"width: 285px\" class=\"wp-caption aligncenter\"><a href=\"http:\/\/www.broderieplaisir.eu\/wp-content\/uploads\/2014\/05\/pfeuil-1024x940.jpg\"><img loading=\"lazy\" decoding=\"async\" aria-describedby=\"caption-attachment-2857\" class=\"size-medium wp-image-2857\" alt=\"Le d\u00e9tail de la fleur\" src=\"http:\/\/www.broderieplaisir.eu\/wp-content\/uploads\/2014\/05\/pfeuil-1024x940-300x275.jpg\" width=\"275\" height=\"252\" srcset=\"https:\/\/www.broderieplaisir.eu\/wp-content\/uploads\/2014\/05\/pfeuil-1024x940-300x275.jpg 300w, https:\/\/www.broderieplaisir.eu\/wp-content\/uploads\/2014\/05\/pfeuil-1024x940.jpg 1024w\" sizes=\"auto, (max-width: 275px) 100vw, 275px\" \/><\/a><p id=\"caption-attachment-2857\" class=\"wp-caption-text\">Le d\u00e9tail de la fleur<\/p><\/div><\/td>\n<\/tr>\n<tr>\n<td>\n<p><div id=\"attachment_2855\" style=\"width: 284px\" class=\"wp-caption aligncenter\"><a href=\"http:\/\/www.broderieplaisir.eu\/wp-content\/uploads\/2014\/05\/feuil6-998x1024.jpg\"><img loading=\"lazy\" decoding=\"async\" aria-describedby=\"caption-attachment-2855\" class=\"size-medium wp-image-2855\" alt=\"Le d\u00e9tail de la feuille\" src=\"http:\/\/www.broderieplaisir.eu\/wp-content\/uploads\/2014\/05\/feuil6-998x1024-292x300.jpg\" width=\"274\" height=\"281\" srcset=\"https:\/\/www.broderieplaisir.eu\/wp-content\/uploads\/2014\/05\/feuil6-998x1024-292x300.jpg 292w, https:\/\/www.broderieplaisir.eu\/wp-content\/uploads\/2014\/05\/feuil6-998x1024.jpg 998w\" sizes=\"auto, (max-width: 274px) 100vw, 274px\" \/><\/a><p id=\"caption-attachment-2855\" class=\"wp-caption-text\">Le d\u00e9tail de la feuille<\/p><\/div><\/td>\n<td>\n<p><div id=\"attachment_2854\" style=\"width: 268px\" class=\"wp-caption aligncenter\"><a href=\"http:\/\/www.broderieplaisir.eu\/wp-content\/uploads\/2014\/05\/feuil3-949x1024.jpg\"><img loading=\"lazy\" decoding=\"async\" aria-describedby=\"caption-attachment-2854\" class=\"size-medium wp-image-2854\" alt=\"Avec un scarab\u00e9e en danger\" src=\"http:\/\/www.broderieplaisir.eu\/wp-content\/uploads\/2014\/05\/feuil3-949x1024-278x300.jpg\" width=\"258\" height=\"279\" srcset=\"https:\/\/www.broderieplaisir.eu\/wp-content\/uploads\/2014\/05\/feuil3-949x1024-278x300.jpg 278w, https:\/\/www.broderieplaisir.eu\/wp-content\/uploads\/2014\/05\/feuil3-949x1024.jpg 949w\" sizes=\"auto, (max-width: 258px) 100vw, 258px\" \/><\/a><p id=\"caption-attachment-2854\" class=\"wp-caption-text\">Avec un scarab\u00e9e en danger<\/p><\/div><\/td>\n<\/tr>\n<\/tbody>\n<\/table>\n<p><span style=\"font-size: medium;\">\u00a0<\/span><\/p>\n<p><span style=\"font-size: medium;\">La cr\u00e9ation de cette feuille a \u00e9t\u00e9 l&rsquo;occasion d&rsquo;apprendre la broderie en \u00ab\u00a03D\u00a0\u00bb, avec une base de fil de fer permettant de former l&rsquo;objet brod\u00e9 et de lui apporter du relief.<br \/>\nEgalement le travail de mati\u00e8res moins fr\u00e9quemment utilis\u00e9es en broderie, telles que le rafia ou les fibres de soie.<\/span><\/p>\n<p><span style=\"font-size: medium;\">\u00a0Cette feuille sera pr\u00e9sent\u00e9e parmi les autres cr\u00e9ations des \u00e9l\u00e8ves de Caroline Gamb \u00e0 l&rsquo;exposition de l&rsquo;Aclig, le 17 et le 18 mai 2014 \u00e0 Illkirch (67). Pour conna\u00eetre les d\u00e9tails de l&rsquo;expo, <a title=\"Exposition de Broderies et autres cr\u00e9ations 2014\" href=\"http:\/\/www.broderieplaisir.eu\/?p=2839\" target=\"_blank\">cliquer ici<\/a>.<\/span><\/p>\n<p><span style=\"font-size: medium;\">A bient\u00f4t.<\/span><\/p>\n","protected":false},"excerpt":{"rendered":"<p>Bonjour, voici la feuille carnivore que j&rsquo;ai brod\u00e9e cette ann\u00e9e au cours de broderie d&rsquo;art anim\u00e9 par Caroline Gamb. \u00a0 La cr\u00e9ation de cette feuille a \u00e9t\u00e9 l&rsquo;occasion d&rsquo;apprendre la broderie en \u00ab\u00a03D\u00a0\u00bb, avec une base de fil de fer permettant de former l&rsquo;objet brod\u00e9 et de lui apporter du relief. Egalement le travail de <a class=\"more-link\" href=\"https:\/\/www.broderieplaisir.eu\/?p=2852\">la suite&#8230; <i class=\"fa fa-chevron-right\"><\/i><\/a><\/p>\n","protected":false},"author":2,"featured_media":0,"comment_status":"open","ping_status":"open","sticky":false,"template":"","format":"standard","meta":{"footnotes":""},"categories":[6,74],"tags":[15,64,127],"class_list":["post-2852","post","type-post","status-publish","format-standard","hentry","category-broderie-dart","category-exposition","tag-broderie-dart-2","tag-exposition-de-broderie","tag-feuille-brodee"],"_links":{"self":[{"href":"https:\/\/www.broderieplaisir.eu\/index.php?rest_route=\/wp\/v2\/posts\/2852","targetHints":{"allow":["GET"]}}],"collection":[{"href":"https:\/\/www.broderieplaisir.eu\/index.php?rest_route=\/wp\/v2\/posts"}],"about":[{"href":"https:\/\/www.broderieplaisir.eu\/index.php?rest_route=\/wp\/v2\/types\/post"}],"author":[{"embeddable":true,"href":"https:\/\/www.broderieplaisir.eu\/index.php?rest_route=\/wp\/v2\/users\/2"}],"replies":[{"embeddable":true,"href":"https:\/\/www.broderieplaisir.eu\/index.php?rest_route=%2Fwp%2Fv2%2Fcomments&post=2852"}],"version-history":[{"count":7,"href":"https:\/\/www.broderieplaisir.eu\/index.php?rest_route=\/wp\/v2\/posts\/2852\/revisions"}],"predecessor-version":[{"id":2864,"href":"https:\/\/www.broderieplaisir.eu\/index.php?rest_route=\/wp\/v2\/posts\/2852\/revisions\/2864"}],"wp:attachment":[{"href":"https:\/\/www.broderieplaisir.eu\/index.php?rest_route=%2Fwp%2Fv2%2Fmedia&parent=2852"}],"wp:term":[{"taxonomy":"category","embeddable":true,"href":"https:\/\/www.broderieplaisir.eu\/index.php?rest_route=%2Fwp%2Fv2%2Fcategories&post=2852"},{"taxonomy":"post_tag","embeddable":true,"href":"https:\/\/www.broderieplaisir.eu\/index.php?rest_route=%2Fwp%2Fv2%2Ftags&post=2852"}],"curies":[{"name":"wp","href":"https:\/\/api.w.org\/{rel}","templated":true}]}}