{"id":2911,"date":"2014-05-13T13:58:02","date_gmt":"2014-05-13T12:58:02","guid":{"rendered":"http:\/\/www.broderieplaisir.eu\/?p=2911"},"modified":"2014-05-13T13:58:02","modified_gmt":"2014-05-13T12:58:02","slug":"rendez-vous-a-eschau-les-14-et-15-juin","status":"publish","type":"post","link":"https:\/\/www.broderieplaisir.eu\/?p=2911","title":{"rendered":"Rendez-vous \u00e0 Eschau les 14 et 15 juin"},"content":{"rendered":"<p>Bonjour,<\/p>\n<p><strong>cette ann\u00e9e, Gerstheim est \u00e0 Eschau.<\/strong><\/p>\n<p>Je m&rsquo;explique : nous participons, comme les 2 ann\u00e9es pr\u00e9c\u00e9dentes, \u00e0 l&rsquo;exposition vente de broderies \u00ab\u00a0les broderies s&rsquo;exposent au jardin\u00a0\u00bb organis\u00e9e par Francine Zeil.<br \/>\nMais cette ann\u00e9e, l&rsquo;exposition se d\u00e9roule \u00e0 ESCHAU (au sud d&rsquo;Illkirch) et non pas \u00e0 Gerstheim o\u00f9 elle avait lieu habituellement.<br \/>\nPour les coordonn\u00e9es compl\u00e8tes, les horaires et\u00a0 la liste des exposants voir l&rsquo;affichette ci-dessous.<\/p>\n<p>Vous trouverez sur notre stand les fournitures <strong>Broderie Plaisir<\/strong> : fils \u00e0 broder, rubans, perles, paillettes, sequins, articles de mercerie, fermoirs et anses de sacs, ainsi que le mat\u00e9riel sp\u00e9cifique \u00e0 la broderie de Lun\u00e9ville.<\/p>\n<p>Mais \u00e9galement les broderies, planches d&rsquo;art textile, kits et autres cr\u00e9ations de <strong>Caroline Gamb<\/strong>, cr\u00e9atrice en Broderie d&rsquo;art.<br \/>\nEt si nous avons assez de place, nous proposerons des d\u00e9monstrations de broderie de Lun\u00e9ville tout au long du week-end.<\/p>\n<p>&nbsp;<\/p>\n<p><a href=\"http:\/\/www.broderieplaisir.eu\/wp-content\/uploads\/2014\/05\/au-fil-du-dessous.png\"><img loading=\"lazy\" decoding=\"async\" class=\"aligncenter size-full wp-image-2919\" src=\"http:\/\/www.broderieplaisir.eu\/wp-content\/uploads\/2014\/05\/au-fil-du-dessous.png\" alt=\"au fil du dessous\" width=\"400\" height=\"565\" srcset=\"https:\/\/www.broderieplaisir.eu\/wp-content\/uploads\/2014\/05\/au-fil-du-dessous.png 400w, https:\/\/www.broderieplaisir.eu\/wp-content\/uploads\/2014\/05\/au-fil-du-dessous-212x300.png 212w\" sizes=\"auto, (max-width: 400px) 100vw, 400px\" \/><\/a><br \/>\nL&rsquo;entr\u00e9e est gratuite, les organisateurs proposent une petite restauration et le th\u00e8me de cette ann\u00e9e est tout \u00e0 fait sympathique : \u00ab\u00a0Au fil des dessous, la lingerie au travers des \u00e2ges\u00a0\u00bb.<br \/>\nTout un programme.<\/p>\n<p>Nous vous attendons tr\u00e8s nombreux, au plaisir de vous y retrouver.<\/p>\n","protected":false},"excerpt":{"rendered":"<p>Bonjour, cette ann\u00e9e, Gerstheim est \u00e0 Eschau. Je m&rsquo;explique : nous participons, comme les 2 ann\u00e9es pr\u00e9c\u00e9dentes, \u00e0 l&rsquo;exposition vente de broderies \u00ab\u00a0les broderies s&rsquo;exposent au jardin\u00a0\u00bb organis\u00e9e par Francine Zeil. Mais cette ann\u00e9e, l&rsquo;exposition se d\u00e9roule \u00e0 ESCHAU (au sud d&rsquo;Illkirch) et non pas \u00e0 Gerstheim o\u00f9 elle avait lieu habituellement. Pour les coordonn\u00e9es <a class=\"more-link\" href=\"https:\/\/www.broderieplaisir.eu\/?p=2911\">la suite&#8230; <i class=\"fa fa-chevron-right\"><\/i><\/a><\/p>\n","protected":false},"author":2,"featured_media":0,"comment_status":"open","ping_status":"open","sticky":false,"template":"","format":"standard","meta":{"footnotes":""},"categories":[39,74],"tags":[25,26,64,130,129],"class_list":["post-2911","post","type-post","status-publish","format-standard","hentry","category-actualites","category-exposition","tag-broderie-de-luneville","tag-caroline-gamb","tag-exposition-de-broderie","tag-gerstheim","tag-les-broderies-sexposent-au-jardin"],"_links":{"self":[{"href":"https:\/\/www.broderieplaisir.eu\/index.php?rest_route=\/wp\/v2\/posts\/2911","targetHints":{"allow":["GET"]}}],"collection":[{"href":"https:\/\/www.broderieplaisir.eu\/index.php?rest_route=\/wp\/v2\/posts"}],"about":[{"href":"https:\/\/www.broderieplaisir.eu\/index.php?rest_route=\/wp\/v2\/types\/post"}],"author":[{"embeddable":true,"href":"https:\/\/www.broderieplaisir.eu\/index.php?rest_route=\/wp\/v2\/users\/2"}],"replies":[{"embeddable":true,"href":"https:\/\/www.broderieplaisir.eu\/index.php?rest_route=%2Fwp%2Fv2%2Fcomments&post=2911"}],"version-history":[{"count":9,"href":"https:\/\/www.broderieplaisir.eu\/index.php?rest_route=\/wp\/v2\/posts\/2911\/revisions"}],"predecessor-version":[{"id":2923,"href":"https:\/\/www.broderieplaisir.eu\/index.php?rest_route=\/wp\/v2\/posts\/2911\/revisions\/2923"}],"wp:attachment":[{"href":"https:\/\/www.broderieplaisir.eu\/index.php?rest_route=%2Fwp%2Fv2%2Fmedia&parent=2911"}],"wp:term":[{"taxonomy":"category","embeddable":true,"href":"https:\/\/www.broderieplaisir.eu\/index.php?rest_route=%2Fwp%2Fv2%2Fcategories&post=2911"},{"taxonomy":"post_tag","embeddable":true,"href":"https:\/\/www.broderieplaisir.eu\/index.php?rest_route=%2Fwp%2Fv2%2Ftags&post=2911"}],"curies":[{"name":"wp","href":"https:\/\/api.w.org\/{rel}","templated":true}]}}