{"id":294,"date":"2012-05-07T13:05:55","date_gmt":"2012-05-07T13:05:55","guid":{"rendered":"http:\/\/www.broderieplaisir.eu\/?p=294"},"modified":"2012-05-07T13:13:22","modified_gmt":"2012-05-07T13:13:22","slug":"les-arts-du-fil-nous-ont-embobinees","status":"publish","type":"post","link":"https:\/\/www.broderieplaisir.eu\/?p=294","title":{"rendered":"Les arts du fil nous ont embobin\u00e9es&#8230;"},"content":{"rendered":"<p>&nbsp;<\/p>\n<p>&#8230;pour notre plus grand plaisir.<\/p>\n<p>La semaine des arts du fil s&rsquo;est d\u00e9roul\u00e9e fin avril \u00e0 l&rsquo;Aclig, association culture et loisirs d&rsquo;Illkirch. Une semaine d\u00e9di\u00e9e \u00e0 la couture, au crochet, \u00e0 la broderie de Lun\u00e9ville et \u00e0 la broderie d&rsquo;or, un vrai bonheur.\u00a0 Les heureuses stagiaires ont r\u00e9alis\u00e9 un pochon brod\u00e9 et crochet\u00e9, un sac vase brod\u00e9 et cousu, et des broches en broderie perl\u00e9e et broderie d&rsquo;or, dans une ambiance chaleureuse.<br \/>\nCaroline, Elisabeth et Malou, les animatrices, l&rsquo;ont d&rsquo;ores et d\u00e9j\u00e0 annonc\u00e9 : cette semaine consacr\u00e9e aux arts du fil ne sera pas la derni\u00e8re.<br \/>\nPour ceux qui ont la chance d&rsquo;habiter notre belle r\u00e9gion, je vous informe que l&rsquo;Aclig expose les \u0153uvres des \u00e9l\u00e8ves de toutes les disciplines enseign\u00e9es les 12 et 13 mai prochains, au Pigeon Club d&rsquo;Illkirch.<\/p>\n<p><a href=\"http:\/\/www.broderieplaisir.eu\/wp-content\/uploads\/2012\/05\/expo_aclig.jpg\"><img loading=\"lazy\" decoding=\"async\" class=\"alignleft size-medium wp-image-297\" title=\"expo_aclig\" src=\"http:\/\/www.broderieplaisir.eu\/wp-content\/uploads\/2012\/05\/expo_aclig-212x300.jpg\" alt=\"\" width=\"212\" height=\"300\" srcset=\"https:\/\/www.broderieplaisir.eu\/wp-content\/uploads\/2012\/05\/expo_aclig-212x300.jpg 212w, https:\/\/www.broderieplaisir.eu\/wp-content\/uploads\/2012\/05\/expo_aclig.jpg 474w\" sizes=\"auto, (max-width: 212px) 100vw, 212px\" \/><\/a><\/p>\n<p>&nbsp;<\/p>\n<p>&nbsp;<\/p>\n<p>&nbsp;<\/p>\n<p>&nbsp;<\/p>\n<p>&nbsp;<\/p>\n<p>&nbsp;<\/p>\n<p>&nbsp;<\/p>\n<p>&nbsp;<\/p>\n<p>&nbsp;<\/p>\n<p>&nbsp;<\/p>\n<p>&nbsp;<\/p>\n<p>Je vous laisse d\u00e9couvrir quelques photos des stagiaires concentr\u00e9es et de leurs r\u00e9alisations.<\/p>\n<div id=\"attachment_298\" style=\"width: 310px\" class=\"wp-caption alignleft\"><a href=\"http:\/\/www.broderieplaisir.eu\/wp-content\/uploads\/2012\/05\/P1060416.jpg\"><img loading=\"lazy\" decoding=\"async\" aria-describedby=\"caption-attachment-298\" class=\"size-medium wp-image-298 \" title=\"Broderie\" src=\"http:\/\/www.broderieplaisir.eu\/wp-content\/uploads\/2012\/05\/P1060416-300x256.jpg\" alt=\"\" width=\"300\" height=\"256\" srcset=\"https:\/\/www.broderieplaisir.eu\/wp-content\/uploads\/2012\/05\/P1060416-300x256.jpg 300w, https:\/\/www.broderieplaisir.eu\/wp-content\/uploads\/2012\/05\/P1060416-1024x874.jpg 1024w, https:\/\/www.broderieplaisir.eu\/wp-content\/uploads\/2012\/05\/P1060416.jpg 1536w\" sizes=\"auto, (max-width: 300px) 100vw, 300px\" \/><\/a><p id=\"caption-attachment-298\" class=\"wp-caption-text\">Broderie d&#39;or et de Lun\u00e9ville<\/p><\/div>\n<p>&nbsp;<\/p>\n<p>&nbsp;<\/p>\n<p>&nbsp;<\/p>\n<p>&nbsp;<\/p>\n<p>&nbsp;<\/p>\n<p>&nbsp;<\/p>\n<p>&nbsp;<\/p>\n<p>&nbsp;<\/p>\n<p>&nbsp;<\/p>\n<p>&nbsp;<\/p>\n<div id=\"attachment_306\" style=\"width: 310px\" class=\"wp-caption alignleft\"><a href=\"http:\/\/www.broderieplaisir.eu\/wp-content\/uploads\/2012\/05\/P1060419.jpg\"><img loading=\"lazy\" decoding=\"async\" aria-describedby=\"caption-attachment-306\" class=\"size-medium wp-image-306 \" title=\"Broderie d'or\" src=\"http:\/\/www.broderieplaisir.eu\/wp-content\/uploads\/2012\/05\/P1060419-300x300.jpg\" alt=\"\" width=\"300\" height=\"300\" srcset=\"https:\/\/www.broderieplaisir.eu\/wp-content\/uploads\/2012\/05\/P1060419-300x300.jpg 300w, https:\/\/www.broderieplaisir.eu\/wp-content\/uploads\/2012\/05\/P1060419-150x150.jpg 150w, https:\/\/www.broderieplaisir.eu\/wp-content\/uploads\/2012\/05\/P1060419.jpg 600w\" sizes=\"auto, (max-width: 300px) 100vw, 300px\" \/><\/a><p id=\"caption-attachment-306\" class=\"wp-caption-text\">R\u00e9alisation de la broche en broderie d&#39;or<\/p><\/div>\n<p>&nbsp;<\/p>\n<p>&nbsp;<\/p>\n<p>&nbsp;<\/p>\n<p>&nbsp;<\/p>\n<p>&nbsp;<\/p>\n<p>&nbsp;<\/p>\n<p>&nbsp;<\/p>\n<p>&nbsp;<\/p>\n<p>&nbsp;<\/p>\n<p>&nbsp;<\/p>\n<p>&nbsp;<\/p>\n<div id=\"attachment_307\" style=\"width: 310px\" class=\"wp-caption alignleft\"><a href=\"http:\/\/www.broderieplaisir.eu\/wp-content\/uploads\/2012\/05\/P1060454.jpg\"><img loading=\"lazy\" decoding=\"async\" aria-describedby=\"caption-attachment-307\" class=\"size-medium wp-image-307 \" title=\"Broderie d'or 2\" src=\"http:\/\/www.broderieplaisir.eu\/wp-content\/uploads\/2012\/05\/P1060454-300x300.jpg\" alt=\"\" width=\"300\" height=\"300\" srcset=\"https:\/\/www.broderieplaisir.eu\/wp-content\/uploads\/2012\/05\/P1060454-300x300.jpg 300w, https:\/\/www.broderieplaisir.eu\/wp-content\/uploads\/2012\/05\/P1060454-150x150.jpg 150w, https:\/\/www.broderieplaisir.eu\/wp-content\/uploads\/2012\/05\/P1060454.jpg 700w\" sizes=\"auto, (max-width: 300px) 100vw, 300px\" \/><\/a><p id=\"caption-attachment-307\" class=\"wp-caption-text\">Une autre broche en broderie d&#39;or<\/p><\/div>\n<div class=\"mceTemp\"><\/div>\n<div class=\"mceTemp\"><\/div>\n<div class=\"mceTemp\"><\/div>\n<div class=\"mceTemp\"><\/div>\n<div class=\"mceTemp\"><\/div>\n<div class=\"mceTemp\"><\/div>\n<div class=\"mceTemp\"><\/div>\n<div class=\"mceTemp\"><\/div>\n<div class=\"mceTemp\"><\/div>\n<div class=\"mceTemp\"><\/div>\n<div class=\"mceTemp\"><\/div>\n<div class=\"mceTemp\"><\/div>\n<div class=\"mceTemp\"><\/div>\n<div class=\"mceTemp\"><\/div>\n<div class=\"mceTemp\"><\/div>\n<div class=\"mceTemp\"><\/div>\n<div class=\"mceTemp\"><\/div>\n<div class=\"mceTemp\"><\/div>\n<div class=\"mceTemp\"><\/div>\n<div class=\"mceTemp\">\n<div id=\"attachment_314\" style=\"width: 310px\" class=\"wp-caption alignleft\"><a href=\"http:\/\/www.broderieplaisir.eu\/wp-content\/uploads\/2012\/05\/P10604612.jpg\"><img loading=\"lazy\" decoding=\"async\" aria-describedby=\"caption-attachment-314\" class=\"size-medium wp-image-314\" title=\"Broderie perl\u00e9e\" src=\"http:\/\/www.broderieplaisir.eu\/wp-content\/uploads\/2012\/05\/P10604612-300x300.jpg\" alt=\"\" width=\"300\" height=\"300\" srcset=\"https:\/\/www.broderieplaisir.eu\/wp-content\/uploads\/2012\/05\/P10604612-300x300.jpg 300w, https:\/\/www.broderieplaisir.eu\/wp-content\/uploads\/2012\/05\/P10604612-150x150.jpg 150w, https:\/\/www.broderieplaisir.eu\/wp-content\/uploads\/2012\/05\/P10604612.jpg 700w\" sizes=\"auto, (max-width: 300px) 100vw, 300px\" \/><\/a><p id=\"caption-attachment-314\" class=\"wp-caption-text\">Broderie de Lun\u00e9ville perles et paillettes<\/p><\/div>\n<\/div>\n<div class=\"mceTemp\"><\/div>\n<p>&nbsp;<\/p>\n<p>&nbsp;<\/p>\n<p>&nbsp;<\/p>\n<p>&nbsp;<\/p>\n<p>&nbsp;<\/p>\n<p>&nbsp;<\/p>\n<p>&nbsp;<\/p>\n<p>&nbsp;<\/p>\n<p>&nbsp;<\/p>\n<p>&nbsp;<\/p>\n<p>&nbsp;<\/p>\n<div id=\"attachment_300\" style=\"width: 302px\" class=\"wp-caption alignleft\"><a href=\"http:\/\/www.broderieplaisir.eu\/wp-content\/uploads\/2012\/05\/P10604421.jpg\"><img loading=\"lazy\" decoding=\"async\" aria-describedby=\"caption-attachment-300\" class=\"wp-image-300 \" title=\"Pochon1\" src=\"http:\/\/www.broderieplaisir.eu\/wp-content\/uploads\/2012\/05\/P10604421-292x300.jpg\" alt=\"\" width=\"292\" height=\"300\" srcset=\"https:\/\/www.broderieplaisir.eu\/wp-content\/uploads\/2012\/05\/P10604421-292x300.jpg 292w, https:\/\/www.broderieplaisir.eu\/wp-content\/uploads\/2012\/05\/P10604421.jpg 600w\" sizes=\"auto, (max-width: 292px) 100vw, 292px\" \/><\/a><p id=\"caption-attachment-300\" class=\"wp-caption-text\">Pochon brod\u00e9 et crochet\u00e9 de face<\/p><\/div>\n<p>&nbsp;<\/p>\n<p>&nbsp;<\/p>\n<p>&nbsp;<\/p>\n<p>&nbsp;<\/p>\n<p>&nbsp;<\/p>\n<p>&nbsp;<\/p>\n<p>&nbsp;<\/p>\n<p>&nbsp;<\/p>\n<p>&nbsp;<\/p>\n<p>&nbsp;<\/p>\n<p>&nbsp;<\/p>\n<p>&nbsp;<\/p>\n<div id=\"attachment_301\" style=\"width: 310px\" class=\"wp-caption alignleft\"><a href=\"http:\/\/www.broderieplaisir.eu\/wp-content\/uploads\/2012\/05\/P1060443.jpg\"><img loading=\"lazy\" decoding=\"async\" aria-describedby=\"caption-attachment-301\" class=\"size-medium wp-image-301 \" title=\"Pochon2\" src=\"http:\/\/www.broderieplaisir.eu\/wp-content\/uploads\/2012\/05\/P1060443-300x262.jpg\" alt=\"\" width=\"300\" height=\"262\" srcset=\"https:\/\/www.broderieplaisir.eu\/wp-content\/uploads\/2012\/05\/P1060443-300x262.jpg 300w, https:\/\/www.broderieplaisir.eu\/wp-content\/uploads\/2012\/05\/P1060443.jpg 600w\" sizes=\"auto, (max-width: 300px) 100vw, 300px\" \/><\/a><p id=\"caption-attachment-301\" class=\"wp-caption-text\">C\u00f4t\u00e9 du pochon crochet\u00e9 et brod\u00e9<\/p><\/div>\n<div id=\"attachment_302\" style=\"width: 310px\" class=\"wp-caption alignleft\"><a href=\"http:\/\/www.broderieplaisir.eu\/wp-content\/uploads\/2012\/05\/P1060449.jpg\"><img loading=\"lazy\" decoding=\"async\" aria-describedby=\"caption-attachment-302\" class=\"wp-image-302 \" title=\"Le crochet\" src=\"http:\/\/www.broderieplaisir.eu\/wp-content\/uploads\/2012\/05\/P1060449-300x262.jpg\" alt=\"\" width=\"300\" height=\"262\" srcset=\"https:\/\/www.broderieplaisir.eu\/wp-content\/uploads\/2012\/05\/P1060449-300x262.jpg 300w, https:\/\/www.broderieplaisir.eu\/wp-content\/uploads\/2012\/05\/P1060449.jpg 700w\" sizes=\"auto, (max-width: 300px) 100vw, 300px\" \/><\/a><p id=\"caption-attachment-302\" class=\"wp-caption-text\">La technique du crochet<\/p><\/div>\n<div id=\"attachment_303\" style=\"width: 310px\" class=\"wp-caption alignleft\"><a href=\"http:\/\/www.broderieplaisir.eu\/wp-content\/uploads\/2012\/05\/P1060427.jpg\"><img loading=\"lazy\" decoding=\"async\" aria-describedby=\"caption-attachment-303\" class=\"wp-image-303 \" title=\"Crochet\" src=\"http:\/\/www.broderieplaisir.eu\/wp-content\/uploads\/2012\/05\/P1060427-300x256.jpg\" alt=\"\" width=\"300\" height=\"256\" srcset=\"https:\/\/www.broderieplaisir.eu\/wp-content\/uploads\/2012\/05\/P1060427-300x256.jpg 300w, https:\/\/www.broderieplaisir.eu\/wp-content\/uploads\/2012\/05\/P1060427.jpg 700w\" sizes=\"auto, (max-width: 300px) 100vw, 300px\" \/><\/a><p id=\"caption-attachment-303\" class=\"wp-caption-text\">Le crochet : transmission de savoir<\/p><\/div>\n<p>&nbsp;<\/p>\n<p>&nbsp;<\/p>\n<p>&nbsp;<\/p>\n<p>&nbsp;<\/p>\n<p>&nbsp;<\/p>\n<p>&nbsp;<\/p>\n<p>&nbsp;<\/p>\n<p>&nbsp;<\/p>\n<p>&nbsp;<\/p>\n<p>&nbsp;<\/p>\n<p>&nbsp;<\/p>\n<p>&nbsp;<\/p>\n<div id=\"attachment_330\" style=\"width: 310px\" class=\"wp-caption alignleft\"><a href=\"http:\/\/www.broderieplaisir.eu\/wp-content\/uploads\/2012\/05\/P1060429.jpg\"><img loading=\"lazy\" decoding=\"async\" aria-describedby=\"caption-attachment-330\" class=\"size-full wp-image-330\" title=\"P1060429\" src=\"http:\/\/www.broderieplaisir.eu\/wp-content\/uploads\/2012\/05\/P1060429.jpg\" alt=\"\" width=\"300\" height=\"224\" \/><\/a><p id=\"caption-attachment-330\" class=\"wp-caption-text\">Des stagiaires attentives<\/p><\/div>\n<p>&nbsp;<\/p>\n<div id=\"attachment_305\" style=\"width: 194px\" class=\"wp-caption alignleft\"><a href=\"http:\/\/www.broderieplaisir.eu\/wp-content\/uploads\/2012\/05\/P10604351.jpg\"><img loading=\"lazy\" decoding=\"async\" aria-describedby=\"caption-attachment-305\" class=\"wp-image-305 \" title=\"Sac vase\" src=\"http:\/\/www.broderieplaisir.eu\/wp-content\/uploads\/2012\/05\/P10604351-184x300.jpg\" alt=\"\" width=\"184\" height=\"300\" srcset=\"https:\/\/www.broderieplaisir.eu\/wp-content\/uploads\/2012\/05\/P10604351-184x300.jpg 184w, https:\/\/www.broderieplaisir.eu\/wp-content\/uploads\/2012\/05\/P10604351.jpg 400w\" sizes=\"auto, (max-width: 184px) 100vw, 184px\" \/><\/a><p id=\"caption-attachment-305\" class=\"wp-caption-text\">Le sac vase<\/p><\/div>\n<p>&nbsp;<\/p>\n<p>&nbsp;<\/p>\n<p>&nbsp;<\/p>\n<p>&nbsp;<\/p>\n<p>&nbsp;<\/p>\n<p>&nbsp;<\/p>\n","protected":false},"excerpt":{"rendered":"<p>&nbsp; &#8230;pour notre plus grand plaisir. La semaine des arts du fil s&rsquo;est d\u00e9roul\u00e9e fin avril \u00e0 l&rsquo;Aclig, association culture et loisirs d&rsquo;Illkirch. Une semaine d\u00e9di\u00e9e \u00e0 la couture, au crochet, \u00e0 la broderie de Lun\u00e9ville et \u00e0 la broderie d&rsquo;or, un vrai bonheur.\u00a0 Les heureuses stagiaires ont r\u00e9alis\u00e9 un pochon brod\u00e9 et crochet\u00e9, un <a class=\"more-link\" href=\"https:\/\/www.broderieplaisir.eu\/?p=294\">la suite&#8230; <i class=\"fa fa-chevron-right\"><\/i><\/a><\/p>\n","protected":false},"author":2,"featured_media":0,"comment_status":"open","ping_status":"open","sticky":false,"template":"","format":"standard","meta":{"footnotes":""},"categories":[5],"tags":[],"class_list":["post-294","post","type-post","status-publish","format-standard","hentry","category-cours-et-stages-de-broderie"],"_links":{"self":[{"href":"https:\/\/www.broderieplaisir.eu\/index.php?rest_route=\/wp\/v2\/posts\/294","targetHints":{"allow":["GET"]}}],"collection":[{"href":"https:\/\/www.broderieplaisir.eu\/index.php?rest_route=\/wp\/v2\/posts"}],"about":[{"href":"https:\/\/www.broderieplaisir.eu\/index.php?rest_route=\/wp\/v2\/types\/post"}],"author":[{"embeddable":true,"href":"https:\/\/www.broderieplaisir.eu\/index.php?rest_route=\/wp\/v2\/users\/2"}],"replies":[{"embeddable":true,"href":"https:\/\/www.broderieplaisir.eu\/index.php?rest_route=%2Fwp%2Fv2%2Fcomments&post=294"}],"version-history":[{"count":15,"href":"https:\/\/www.broderieplaisir.eu\/index.php?rest_route=\/wp\/v2\/posts\/294\/revisions"}],"predecessor-version":[{"id":329,"href":"https:\/\/www.broderieplaisir.eu\/index.php?rest_route=\/wp\/v2\/posts\/294\/revisions\/329"}],"wp:attachment":[{"href":"https:\/\/www.broderieplaisir.eu\/index.php?rest_route=%2Fwp%2Fv2%2Fmedia&parent=294"}],"wp:term":[{"taxonomy":"category","embeddable":true,"href":"https:\/\/www.broderieplaisir.eu\/index.php?rest_route=%2Fwp%2Fv2%2Fcategories&post=294"},{"taxonomy":"post_tag","embeddable":true,"href":"https:\/\/www.broderieplaisir.eu\/index.php?rest_route=%2Fwp%2Fv2%2Ftags&post=294"}],"curies":[{"name":"wp","href":"https:\/\/api.w.org\/{rel}","templated":true}]}}