{"id":3209,"date":"2014-08-22T11:58:18","date_gmt":"2014-08-22T10:58:18","guid":{"rendered":"http:\/\/www.broderieplaisir.eu\/?p=3209"},"modified":"2014-08-27T13:05:57","modified_gmt":"2014-08-27T12:05:57","slug":"cours-de-broderie-dart-a-strasbourg-et-illkirch","status":"publish","type":"post","link":"https:\/\/www.broderieplaisir.eu\/?p=3209","title":{"rendered":"Cours de Broderie d&rsquo;Art \u00e0 Strasbourg et Illkirch"},"content":{"rendered":"<p>&nbsp;<\/p>\n<p><span style=\"font-size: medium;\">Bonjour,<\/span><br \/>\n<span style=\"font-size: medium;\"> les cours de broderie d&rsquo;art reprennent \u00e0 Strasbourg et \u00e0 Illkirch \u00e0 partir du 23 septembre. Ils sont <span style=\"font-size: medium;\">anim\u00e9s par Caroline Gamb, cr\u00e9atrice en Broderie d&rsquo;Art, form\u00e9e chez Lesage<\/span>.<br \/>\n<\/span><\/p>\n<p><span style=\"font-size: medium;\">Toutes les techniques de broderie y sont enseign\u00e9es; la broderie traditionnelle, la broderie perl\u00e9e de Lun\u00e9ville, la broderie d\u2019or, la broderie avec passementerie, la broderie au ruban et la broderie blanche.<\/span><\/p>\n<p><span style=\"font-size: medium;\">Il reste quelques places, il est encore temps de vous y inscrire.<\/span><\/p>\n<table class=\"table table-hover\">\n<tbody>\n<tr>\n<td>\n<p><div id=\"attachment_3212\" style=\"width: 310px\" class=\"wp-caption aligncenter\"><a href=\"http:\/\/www.broderieplaisir.eu\/wp-content\/uploads\/2014\/08\/IMG_6482-1280x1062.jpg\"><img loading=\"lazy\" decoding=\"async\" aria-describedby=\"caption-attachment-3212\" class=\"size-medium wp-image-3212\" src=\"http:\/\/www.broderieplaisir.eu\/wp-content\/uploads\/2014\/08\/IMG_6482-1280x1062-300x248.jpg\" alt=\"Fleur brod\u00e9e, cr\u00e9ation Caroline Gamb\" width=\"300\" height=\"248\" srcset=\"https:\/\/www.broderieplaisir.eu\/wp-content\/uploads\/2014\/08\/IMG_6482-1280x1062-300x248.jpg 300w, https:\/\/www.broderieplaisir.eu\/wp-content\/uploads\/2014\/08\/IMG_6482-1280x1062-1024x849.jpg 1024w, https:\/\/www.broderieplaisir.eu\/wp-content\/uploads\/2014\/08\/IMG_6482-1280x1062.jpg 1280w\" sizes=\"auto, (max-width: 300px) 100vw, 300px\" \/><\/a><p id=\"caption-attachment-3212\" class=\"wp-caption-text\">Un d\u00e8s th\u00e8mes d&rsquo;\u00e9tude propos\u00e9s, cr\u00e9ation C. Gamb<\/p><\/div><\/td>\n<td>\n<p><div id=\"attachment_2154\" style=\"width: 264px\" class=\"wp-caption aligncenter\"><a href=\"http:\/\/www.broderieplaisir.eu\/wp-content\/uploads\/2013\/07\/caroline.jpg\"><img loading=\"lazy\" decoding=\"async\" aria-describedby=\"caption-attachment-2154\" class=\" wp-image-2154\" src=\"http:\/\/www.broderieplaisir.eu\/wp-content\/uploads\/2013\/07\/caroline-300x291.jpg\" alt=\"Caroline Gamb, cr\u00e9atrice en broderie d'art\" width=\"254\" height=\"247\" srcset=\"https:\/\/www.broderieplaisir.eu\/wp-content\/uploads\/2013\/07\/caroline-300x291.jpg 300w, https:\/\/www.broderieplaisir.eu\/wp-content\/uploads\/2013\/07\/caroline.jpg 622w\" sizes=\"auto, (max-width: 254px) 100vw, 254px\" \/><\/a><p id=\"caption-attachment-2154\" class=\"wp-caption-text\">Caroline Gamb, cr\u00e9atrice en broderie d&rsquo;art<\/p><\/div><\/td>\n<\/tr>\n<\/tbody>\n<\/table>\n<p><span style=\"font-size: medium;\"><br \/>\nNouveaut\u00e9 \u00e0 Strasbourg, les cours se d\u00e9roulent \u00e0 la Robertsau, Foyer Saint Louis, 3 Rue du Docteur Maurice Freysz, les <strong>jeudis de 13h30 \u00e0 16h30 et de 18h \u00e0 21h<\/strong>.<br \/>\nPour vous y rendre, vous avez le choix entre le Tram E arr\u00eat Boecklin (terminus) le bus 6 ou 15, arr\u00eat Schott et la voiture (places de stationnements).<br \/>\n<span style=\"font-size: medium;\">Tarif : 75 \u20ac par trimestre et 10 \u20ac de cotisation annuelle.<\/span><br \/>\n<\/span><\/p>\n<p><span style=\"font-size: medium;\">A Illkirch Graffenstaden, les cours sont dispens\u00e9s comme les ann\u00e9es pr\u00e9c\u00e9dentes dans les locaux de l&rsquo;Association de culture et Loisirs, au 192 Route de Lyon. Ils ont lieu les <strong>mardis de 15h \u00e0 17h30 et de 18h30 \u00e0 21h, les vendredis de 18h \u00e0 20h30.<br \/>\n<\/strong>Tarif : 63 \u20ac par trimestre et 10 \u20ac de cotisation annuelle.<strong><br \/>\n<\/strong><\/span><\/p>\n<p><span style=\"font-size: medium;\">Pour vous renseigner ou vous inscrire,\u00a0 contacter <strong>Caroline Gamb<\/strong> au <strong>06 76 88 24 62<\/strong>.<br \/>\nLes in<span style=\"font-size: medium;\">scriptions peuvent \u00e9galement \u00eatre faites directement aupr\u00e8s de l&rsquo;<a href=\"http:\/\/www.aclig.fr\/\">Aclig.fr<\/a>.<\/span><br \/>\n<\/span><\/p>\n<p><span style=\"font-size: medium;\">A bient\u00f4t.<\/span><\/p>\n","protected":false},"excerpt":{"rendered":"<p>&nbsp; Bonjour, les cours de broderie d&rsquo;art reprennent \u00e0 Strasbourg et \u00e0 Illkirch \u00e0 partir du 23 septembre. Ils sont anim\u00e9s par Caroline Gamb, cr\u00e9atrice en Broderie d&rsquo;Art, form\u00e9e chez Lesage. Toutes les techniques de broderie y sont enseign\u00e9es; la broderie traditionnelle, la broderie perl\u00e9e de Lun\u00e9ville, la broderie d\u2019or, la broderie avec passementerie, la <a class=\"more-link\" href=\"https:\/\/www.broderieplaisir.eu\/?p=3209\">la suite&#8230; <i class=\"fa fa-chevron-right\"><\/i><\/a><\/p>\n","protected":false},"author":2,"featured_media":0,"comment_status":"open","ping_status":"open","sticky":false,"template":"","format":"standard","meta":{"footnotes":""},"categories":[5],"tags":[147,46],"class_list":["post-3209","post","type-post","status-publish","format-standard","hentry","category-cours-et-stages-de-broderie","tag-cours-de-broderie-dart-apprendre-la-broderie-de-luneville","tag-crochet-de-luneville"],"_links":{"self":[{"href":"https:\/\/www.broderieplaisir.eu\/index.php?rest_route=\/wp\/v2\/posts\/3209","targetHints":{"allow":["GET"]}}],"collection":[{"href":"https:\/\/www.broderieplaisir.eu\/index.php?rest_route=\/wp\/v2\/posts"}],"about":[{"href":"https:\/\/www.broderieplaisir.eu\/index.php?rest_route=\/wp\/v2\/types\/post"}],"author":[{"embeddable":true,"href":"https:\/\/www.broderieplaisir.eu\/index.php?rest_route=\/wp\/v2\/users\/2"}],"replies":[{"embeddable":true,"href":"https:\/\/www.broderieplaisir.eu\/index.php?rest_route=%2Fwp%2Fv2%2Fcomments&post=3209"}],"version-history":[{"count":11,"href":"https:\/\/www.broderieplaisir.eu\/index.php?rest_route=\/wp\/v2\/posts\/3209\/revisions"}],"predecessor-version":[{"id":3222,"href":"https:\/\/www.broderieplaisir.eu\/index.php?rest_route=\/wp\/v2\/posts\/3209\/revisions\/3222"}],"wp:attachment":[{"href":"https:\/\/www.broderieplaisir.eu\/index.php?rest_route=%2Fwp%2Fv2%2Fmedia&parent=3209"}],"wp:term":[{"taxonomy":"category","embeddable":true,"href":"https:\/\/www.broderieplaisir.eu\/index.php?rest_route=%2Fwp%2Fv2%2Fcategories&post=3209"},{"taxonomy":"post_tag","embeddable":true,"href":"https:\/\/www.broderieplaisir.eu\/index.php?rest_route=%2Fwp%2Fv2%2Ftags&post=3209"}],"curies":[{"name":"wp","href":"https:\/\/api.w.org\/{rel}","templated":true}]}}