{"id":3224,"date":"2014-09-20T15:14:21","date_gmt":"2014-09-20T14:14:21","guid":{"rendered":"http:\/\/www.broderieplaisir.eu\/?p=3224"},"modified":"2014-09-20T15:14:21","modified_gmt":"2014-09-20T14:14:21","slug":"fil-en-seine-cest-cette-semaine","status":"publish","type":"post","link":"https:\/\/www.broderieplaisir.eu\/?p=3224","title":{"rendered":"Fil en Seine, c&rsquo;est cette semaine"},"content":{"rendered":"<p>Bonjour,<\/p>\n<h4>le rendez-vous approche, nous serons <strong>vendredi 26, samedi 27\u00a0 et dimanche <\/strong><span style=\"font-size: medium;\"><strong>28 septembre 2014 \u00e0 Ivry sur Seine<\/strong><\/span>, \u00e0 l&rsquo;occasion du salon des travaux d&rsquo;aiguille,\u00a0<span style=\"font-size: medium;\"><strong>FIL EN SEINE<\/strong>.<\/span><\/h4>\n<p>Cette manifestation rassemble cr\u00e9ateurs et boutiques, mais propose \u00e9galement un grand nombre d&rsquo;ateliers anim\u00e9s par des professionnels.<\/p>\n<p>Sur notre stand, vous trouverez toutes les fournitures n\u00e9cessaires \u00e0 la Broderie d&rsquo;art et aux travaux d&rsquo;aiguille.<br \/>\n<strong>Perles, paillettes, cannetilles, fils \u00e0 broder, rubans, soutaches, mercerie et mat\u00e9riels (m\u00e9tier \u00e0 broder, crochet de Lun\u00e9ville, piquoir et poudre \u00e0 poncer).<br \/>\n<\/strong>Caroline Gamb, cr\u00e9atrice en Broderie d&rsquo;Art, vous proposera ses <strong>kits de broderie, ses planches d&rsquo;art textile et ses derni\u00e8res cr\u00e9ations<\/strong>.<\/p>\n<p><span style=\"font-size: medium;\"><strong>Caroline Gamb animera \u00e9galement un atelier chaque jour.<\/strong><\/span><br \/>\n&#8211; <strong>La broche Art textile<\/strong> r\u00e9alisation d&rsquo;une broche \u00e0 partir d&rsquo;une planche d&rsquo;art textile. Mise en forme et pose de perles,\u00a0 paillettes et embellissements \u00e0 l&rsquo;aiguille.<br \/>\n&#8211; <strong>La variation ganse et or<\/strong> (2 ateliers) avec pose de ganse et de fil d&rsquo;or, \u00e0 l&rsquo;aiguille et\/ou au crochet de Lun\u00e9ville, afin de cr\u00e9er un ravissant motif.<\/p>\n<p>L&rsquo;atelier de samedi est dores et d\u00e9j\u00e0 complet, mais il reste encore quelques places vendredi et dimanche.<\/p>\n<table style=\"height: 175px;\" border=\"0\" width=\"747\" align=\"center\">\n<tbody>\n<tr>\n<td>\u00a0<a title=\"Fil en Seine 2014\" href=\"http:\/\/www.filenseine.fr\/\" target=\"_blank\"><img loading=\"lazy\" decoding=\"async\" class=\"aligncenter  wp-image-3157\" src=\"http:\/\/www.broderieplaisir.eu\/wp-content\/uploads\/2014\/07\/misty.jpg\" alt=\"misty\" width=\"721\" height=\"150\" srcset=\"https:\/\/www.broderieplaisir.eu\/wp-content\/uploads\/2014\/07\/misty.jpg 957w, https:\/\/www.broderieplaisir.eu\/wp-content\/uploads\/2014\/07\/misty-300x62.jpg 300w\" sizes=\"auto, (max-width: 721px) 100vw, 721px\" \/><\/a><\/td>\n<\/tr>\n<\/tbody>\n<\/table>\n<p>Pour vous inscrire aux ateliers et trouver tous les d\u00e9tails sur le salon FIL EN SEINE, rendez-vous sur le <a title=\"Fil en Seine 2014\" href=\"http:\/\/www.filenseine.fr\/participant\/broderie-plaisir-les-fournitures-de-la-broderie-dart\/\" target=\"_blank\">site en cliquant ici<\/a>.<\/p>\n<p>Venez nombreux, nous nous faisons un plaisir de vous y rencontrer.<\/p>\n<p>En raison de notre d\u00e9placement, le site Broderie Plaisir n&rsquo;assurera pas la pr\u00e9paration et l&rsquo;exp\u00e9dition des commandes du 25 au 29 septembre inclus. Mais les commandes enregistr\u00e9es jusqu&rsquo;au mardi 24 seront exp\u00e9di\u00e9es le 25 septembre.<\/p>\n<p>A bient\u00f4t.<\/p>\n","protected":false},"excerpt":{"rendered":"<p>Bonjour, le rendez-vous approche, nous serons vendredi 26, samedi 27\u00a0 et dimanche 28 septembre 2014 \u00e0 Ivry sur Seine, \u00e0 l&rsquo;occasion du salon des travaux d&rsquo;aiguille,\u00a0FIL EN SEINE. Cette manifestation rassemble cr\u00e9ateurs et boutiques, mais propose \u00e9galement un grand nombre d&rsquo;ateliers anim\u00e9s par des professionnels. Sur notre stand, vous trouverez toutes les fournitures n\u00e9cessaires \u00e0 <a class=\"more-link\" href=\"https:\/\/www.broderieplaisir.eu\/?p=3224\">la suite&#8230; <i class=\"fa fa-chevron-right\"><\/i><\/a><\/p>\n","protected":false},"author":2,"featured_media":0,"comment_status":"open","ping_status":"open","sticky":false,"template":"","format":"standard","meta":{"footnotes":""},"categories":[39,5,74],"tags":[148,143],"class_list":["post-3224","post","type-post","status-publish","format-standard","hentry","category-actualites","category-cours-et-stages-de-broderie","category-exposition","tag-exposition-de-broderie-dart","tag-fil-en-seine"],"_links":{"self":[{"href":"https:\/\/www.broderieplaisir.eu\/index.php?rest_route=\/wp\/v2\/posts\/3224","targetHints":{"allow":["GET"]}}],"collection":[{"href":"https:\/\/www.broderieplaisir.eu\/index.php?rest_route=\/wp\/v2\/posts"}],"about":[{"href":"https:\/\/www.broderieplaisir.eu\/index.php?rest_route=\/wp\/v2\/types\/post"}],"author":[{"embeddable":true,"href":"https:\/\/www.broderieplaisir.eu\/index.php?rest_route=\/wp\/v2\/users\/2"}],"replies":[{"embeddable":true,"href":"https:\/\/www.broderieplaisir.eu\/index.php?rest_route=%2Fwp%2Fv2%2Fcomments&post=3224"}],"version-history":[{"count":4,"href":"https:\/\/www.broderieplaisir.eu\/index.php?rest_route=\/wp\/v2\/posts\/3224\/revisions"}],"predecessor-version":[{"id":3228,"href":"https:\/\/www.broderieplaisir.eu\/index.php?rest_route=\/wp\/v2\/posts\/3224\/revisions\/3228"}],"wp:attachment":[{"href":"https:\/\/www.broderieplaisir.eu\/index.php?rest_route=%2Fwp%2Fv2%2Fmedia&parent=3224"}],"wp:term":[{"taxonomy":"category","embeddable":true,"href":"https:\/\/www.broderieplaisir.eu\/index.php?rest_route=%2Fwp%2Fv2%2Fcategories&post=3224"},{"taxonomy":"post_tag","embeddable":true,"href":"https:\/\/www.broderieplaisir.eu\/index.php?rest_route=%2Fwp%2Fv2%2Ftags&post=3224"}],"curies":[{"name":"wp","href":"https:\/\/api.w.org\/{rel}","templated":true}]}}