{"id":3231,"date":"2014-10-01T15:08:34","date_gmt":"2014-10-01T14:08:34","guid":{"rendered":"http:\/\/www.broderieplaisir.eu\/?p=3231"},"modified":"2014-10-01T15:08:34","modified_gmt":"2014-10-01T14:08:34","slug":"broderie-dart-et-marche-de-noel-de-strasbourg","status":"publish","type":"post","link":"https:\/\/www.broderieplaisir.eu\/?p=3231","title":{"rendered":"Broderie d&rsquo;Art et March\u00e9 de No\u00ebl de Strasbourg"},"content":{"rendered":"<p>Bonjour,<br \/>\nj&rsquo;ai le plaisir de vous informer que l&rsquo;association BRODE-ART organise <strong>du 1er au 3 d\u00e9cembre 2014<\/strong> un petit s\u00e9jour alliant la Broderie d&rsquo;Art et le tourisme au c\u0153ur de la capitale de No\u00ebl.<br \/>\n<strong>Une initiation \u00e0 la broderie au crochet de Lun\u00e9ville avec visite de Strasbourg et de ses march\u00e9s de No\u00ebl<\/strong>.<\/p>\n<p><a href=\"http:\/\/www.broderieplaisir.eu\/wp-content\/uploads\/2014\/10\/flyer-fr.jpg\"><img loading=\"lazy\" decoding=\"async\" class=\"aligncenter size-medium wp-image-3234\" src=\"http:\/\/www.broderieplaisir.eu\/wp-content\/uploads\/2014\/10\/flyer-fr-300x211.jpg\" alt=\"flyer fr\" width=\"300\" height=\"211\" srcset=\"https:\/\/www.broderieplaisir.eu\/wp-content\/uploads\/2014\/10\/flyer-fr-300x211.jpg 300w, https:\/\/www.broderieplaisir.eu\/wp-content\/uploads\/2014\/10\/flyer-fr-1024x721.jpg 1024w, https:\/\/www.broderieplaisir.eu\/wp-content\/uploads\/2014\/10\/flyer-fr.jpg 1240w\" sizes=\"auto, (max-width: 300px) 100vw, 300px\" \/><\/a><\/p>\n<p>Ce s\u00e9jour sera compos\u00e9 de :<br \/>\n<strong>3 demi-journ\u00e9es d&rsquo;initiation \u00e0 la broderie au crochet de Lun\u00e9ville<\/strong>, anim\u00e9es par Caroline Gamb, cr\u00e9atrice en Broderie d&rsquo;Art form\u00e9e chez Lesage \u00e0 Paris.<br \/>\nR\u00e9alisation du lys selon le mod\u00e8le ci-dessus :<br \/>\n&#8211; montage du tissu sur le m\u00e9tier \u00e0 Broder;<br \/>\n&#8211; apprentissage de la broderie au crochet de Lun\u00e9ville (point de chainette, pose de rocailles, tubes et paillettes, pose de ruban en frou-frou).<\/p>\n<p><strong>Et 3 demi-journ\u00e9es de visite de Strasbourg<\/strong> d\u00e9cor\u00e9e aux couleurs de No\u00ebl (cath\u00e9drale, Petite France, visite guid\u00e9e avec un historien), d\u00e9jeuners dans des restaurants alsaciens typiques et visite des march\u00e9s de No\u00ebl.<\/p>\n<p>Nous serons accompagn\u00e9s d&rsquo;une <strong>traductrice japonaise<\/strong>.<br \/>\nCe s\u00e9jour n&rsquo;est ouvert qu&rsquo;\u00e0 6 personnes, d\u00e9couvrez-en les d\u00e9tails dans le flyer ci-dessus.<\/p>\n<p>Pour se renseigner et s&rsquo;inscrire, rendez-vous sur le blog <a title=\"D\u00e9couvrir le blog Brode-Art.eu\" href=\"http:\/\/www.brode-art.eu\/?p=295\" target=\"_blank\">Brode-Art.eu<\/a>.<\/p>\n<p>A bient\u00f4t.<\/p>\n","protected":false},"excerpt":{"rendered":"<p>Bonjour, j&rsquo;ai le plaisir de vous informer que l&rsquo;association BRODE-ART organise du 1er au 3 d\u00e9cembre 2014 un petit s\u00e9jour alliant la Broderie d&rsquo;Art et le tourisme au c\u0153ur de la capitale de No\u00ebl. Une initiation \u00e0 la broderie au crochet de Lun\u00e9ville avec visite de Strasbourg et de ses march\u00e9s de No\u00ebl. Ce s\u00e9jour <a class=\"more-link\" href=\"https:\/\/www.broderieplaisir.eu\/?p=3231\">la suite&#8230; <i class=\"fa fa-chevron-right\"><\/i><\/a><\/p>\n","protected":false},"author":2,"featured_media":0,"comment_status":"open","ping_status":"open","sticky":false,"template":"","format":"standard","meta":{"footnotes":""},"categories":[5],"tags":[151,96,149,150],"class_list":["post-3231","post","type-post","status-publish","format-standard","hentry","category-cours-et-stages-de-broderie","tag-cours-caroline-gamb","tag-initiation-a-la-broderie-de-luneville","tag-marche-de-noel","tag-stage-de-broderie-dart"],"_links":{"self":[{"href":"https:\/\/www.broderieplaisir.eu\/index.php?rest_route=\/wp\/v2\/posts\/3231","targetHints":{"allow":["GET"]}}],"collection":[{"href":"https:\/\/www.broderieplaisir.eu\/index.php?rest_route=\/wp\/v2\/posts"}],"about":[{"href":"https:\/\/www.broderieplaisir.eu\/index.php?rest_route=\/wp\/v2\/types\/post"}],"author":[{"embeddable":true,"href":"https:\/\/www.broderieplaisir.eu\/index.php?rest_route=\/wp\/v2\/users\/2"}],"replies":[{"embeddable":true,"href":"https:\/\/www.broderieplaisir.eu\/index.php?rest_route=%2Fwp%2Fv2%2Fcomments&post=3231"}],"version-history":[{"count":7,"href":"https:\/\/www.broderieplaisir.eu\/index.php?rest_route=\/wp\/v2\/posts\/3231\/revisions"}],"predecessor-version":[{"id":3239,"href":"https:\/\/www.broderieplaisir.eu\/index.php?rest_route=\/wp\/v2\/posts\/3231\/revisions\/3239"}],"wp:attachment":[{"href":"https:\/\/www.broderieplaisir.eu\/index.php?rest_route=%2Fwp%2Fv2%2Fmedia&parent=3231"}],"wp:term":[{"taxonomy":"category","embeddable":true,"href":"https:\/\/www.broderieplaisir.eu\/index.php?rest_route=%2Fwp%2Fv2%2Fcategories&post=3231"},{"taxonomy":"post_tag","embeddable":true,"href":"https:\/\/www.broderieplaisir.eu\/index.php?rest_route=%2Fwp%2Fv2%2Ftags&post=3231"}],"curies":[{"name":"wp","href":"https:\/\/api.w.org\/{rel}","templated":true}]}}