{"id":3453,"date":"2015-02-20T17:05:47","date_gmt":"2015-02-20T16:05:47","guid":{"rendered":"http:\/\/www.broderieplaisir.eu\/?p=3453"},"modified":"2015-02-20T17:05:47","modified_gmt":"2015-02-20T16:05:47","slug":"exposition-de-broderie-dart","status":"publish","type":"post","link":"https:\/\/www.broderieplaisir.eu\/?p=3453","title":{"rendered":"Exposition de broderie d&rsquo;art"},"content":{"rendered":"<p>Bonjour,<br \/>\nj&rsquo;ai le plaisir de vous annoncer que Broderie Plaisir sera pr\u00e9sente \u00e0 l&rsquo;exposition de broderie d&rsquo;art \u00ab\u00a0Talents 2015\u00a0\u00bb organis\u00e9e \u00e0 Strasbourg du 10 au 12 avril, par l&rsquo;association Brode-Art.<\/p>\n<p>Cette exposition-vente propose sur 2,5 jours des d\u00e9monstrations et des ateliers de broderie d&rsquo;art.<\/p>\n<p>\u00ab\u00a0Talents 2015\u00a0\u00bb rassemblera 20 brodeurs repr\u00e9sentant diff\u00e9rentes techniques de broderie d&rsquo;art : la broderie d&rsquo;or, le perl\u00e9 paillet\u00e9 au crochet de Lun\u00e9ville ou broderie Haute-Couture, la broderie au rubans, la broderie blanche (repr\u00e9sent\u00e9e par une Meilleur Ouvrier de France) la broderie japonaise, la broderie indienne et bien d&rsquo;autres.<\/p>\n<p>\u00ab\u00a0Talents 2015\u00a0\u00bb mettra \u00e9galement en lumi\u00e8re les \u00ab\u00a0coups de c\u0153ur\u00a0\u00bb de l&rsquo;association, cr\u00e9ateurs et artisans repr\u00e9sentant des domaines d&rsquo;activit\u00e9s tels que la joaillerie, le papier d\u00e9coup\u00e9, la cr\u00e9ation textile, la dentelle aux fuseaux&#8230;ainsi que des associations comme VETIS (association solidaire) et EUROPA DONNA (association qui vient en aide aux femmes atteintes du cancer du sein).<\/p>\n<p>Les d\u00e9tails de l&rsquo;exposition et les inscriptions aux ateliers sont \u00e0 d\u00e9couvrir sur <a title=\"D\u00e9couvrir l'exposition Talents 2015\" href=\"http:\/\/www.talents-strasbourg.eu\/\" target=\"_blank\">www.talents-strasbourg.eu <\/a>ou en cliquant sur l&rsquo;affiche ci-dessous.<\/p>\n<p><a title=\"D\u00e9couvrir l'exposition Talents 2015\" href=\"http:\/\/www.talents-strasbourg.eu\/\" target=\"_blank\"><img loading=\"lazy\" decoding=\"async\" class=\"aligncenter size-medium wp-image-3455\" src=\"http:\/\/www.broderieplaisir.eu\/wp-content\/uploads\/2015\/02\/Affiche_Talents-212x300.jpg\" alt=\"Affiche_Talents\" width=\"212\" height=\"300\" srcset=\"https:\/\/www.broderieplaisir.eu\/wp-content\/uploads\/2015\/02\/Affiche_Talents-212x300.jpg 212w, https:\/\/www.broderieplaisir.eu\/wp-content\/uploads\/2015\/02\/Affiche_Talents-724x1024.jpg 724w\" sizes=\"auto, (max-width: 212px) 100vw, 212px\" \/><\/a><\/p>\n<p>Le prix de l&rsquo;entr\u00e9e s&rsquo;\u00e9l\u00e8ve \u00e0 3 \u20ac et un salon de th\u00e9 sera propos\u00e9 aux visiteurs. Caroline Boeglin, journaliste TV et blogueuse sp\u00e9cialis\u00e9e en d\u00e9coration est la marraine de \u00ab\u00a0Talents\u00a0\u00bb.<\/p>\n<p>Nous vous y attendons nombreux.<\/p>\n","protected":false},"excerpt":{"rendered":"<p>Bonjour, j&rsquo;ai le plaisir de vous annoncer que Broderie Plaisir sera pr\u00e9sente \u00e0 l&rsquo;exposition de broderie d&rsquo;art \u00ab\u00a0Talents 2015\u00a0\u00bb organis\u00e9e \u00e0 Strasbourg du 10 au 12 avril, par l&rsquo;association Brode-Art. Cette exposition-vente propose sur 2,5 jours des d\u00e9monstrations et des ateliers de broderie d&rsquo;art. \u00ab\u00a0Talents 2015\u00a0\u00bb rassemblera 20 brodeurs repr\u00e9sentant diff\u00e9rentes techniques de broderie d&rsquo;art <a class=\"more-link\" href=\"https:\/\/www.broderieplaisir.eu\/?p=3453\">la suite&#8230; <i class=\"fa fa-chevron-right\"><\/i><\/a><\/p>\n","protected":false},"author":2,"featured_media":0,"comment_status":"open","ping_status":"open","sticky":false,"template":"","format":"standard","meta":{"footnotes":""},"categories":[39,6,74],"tags":[161,148,90],"class_list":["post-3453","post","type-post","status-publish","format-standard","hentry","category-actualites","category-broderie-dart","category-exposition","tag-ateliers-de-broderie","tag-exposition-de-broderie-dart","tag-salon-de-broderie"],"_links":{"self":[{"href":"https:\/\/www.broderieplaisir.eu\/index.php?rest_route=\/wp\/v2\/posts\/3453","targetHints":{"allow":["GET"]}}],"collection":[{"href":"https:\/\/www.broderieplaisir.eu\/index.php?rest_route=\/wp\/v2\/posts"}],"about":[{"href":"https:\/\/www.broderieplaisir.eu\/index.php?rest_route=\/wp\/v2\/types\/post"}],"author":[{"embeddable":true,"href":"https:\/\/www.broderieplaisir.eu\/index.php?rest_route=\/wp\/v2\/users\/2"}],"replies":[{"embeddable":true,"href":"https:\/\/www.broderieplaisir.eu\/index.php?rest_route=%2Fwp%2Fv2%2Fcomments&post=3453"}],"version-history":[{"count":2,"href":"https:\/\/www.broderieplaisir.eu\/index.php?rest_route=\/wp\/v2\/posts\/3453\/revisions"}],"predecessor-version":[{"id":3457,"href":"https:\/\/www.broderieplaisir.eu\/index.php?rest_route=\/wp\/v2\/posts\/3453\/revisions\/3457"}],"wp:attachment":[{"href":"https:\/\/www.broderieplaisir.eu\/index.php?rest_route=%2Fwp%2Fv2%2Fmedia&parent=3453"}],"wp:term":[{"taxonomy":"category","embeddable":true,"href":"https:\/\/www.broderieplaisir.eu\/index.php?rest_route=%2Fwp%2Fv2%2Fcategories&post=3453"},{"taxonomy":"post_tag","embeddable":true,"href":"https:\/\/www.broderieplaisir.eu\/index.php?rest_route=%2Fwp%2Fv2%2Ftags&post=3453"}],"curies":[{"name":"wp","href":"https:\/\/api.w.org\/{rel}","templated":true}]}}