{"id":3553,"date":"2015-05-07T10:34:04","date_gmt":"2015-05-07T09:34:04","guid":{"rendered":"http:\/\/www.broderieplaisir.eu\/?p=3553"},"modified":"2015-05-07T10:34:04","modified_gmt":"2015-05-07T09:34:04","slug":"exposition-de-belles-choses-a-illkirch","status":"publish","type":"post","link":"https:\/\/www.broderieplaisir.eu\/?p=3553","title":{"rendered":"Exposition de belles choses \u00e0 Illkirch"},"content":{"rendered":"<p>Bonjour,<br \/>\nnous avons le plaisir de vous informer que Caroline Gamb, cr\u00e9atrice en Broderie d&rsquo;art, exposera \u00e0 Illkirch les broderies r\u00e9alis\u00e9es tout au long de l&rsquo;ann\u00e9e par\u00a0 ces \u00e9l\u00e8ves, les 30 et 31 mai.<\/p>\n<p>Dans le cadre de l&rsquo;exposition de l&rsquo;Association Culture et loisir d&rsquo;Illkirch, vous pourrez d\u00e9couvrir les cr\u00e9ations brod\u00e9es sur le th\u00e8me de la mode, mais \u00e9galement assister \u00e0 des d\u00e9monstrations de broderie au crochet de Lun\u00e9ville et broderie d&rsquo;art.<\/p>\n<table class=\"table table-hover\">\n<tbody>\n<tr>\n<td>\n<p><div id=\"attachment_3212\" style=\"width: 283px\" class=\"wp-caption aligncenter\"><a href=\"http:\/\/www.broderieplaisir.eu\/wp-content\/uploads\/2014\/08\/IMG_6482-1280x1062.jpg\"><img loading=\"lazy\" decoding=\"async\" aria-describedby=\"caption-attachment-3212\" class=\" wp-image-3212\" src=\"http:\/\/www.broderieplaisir.eu\/wp-content\/uploads\/2014\/08\/IMG_6482-1280x1062-300x248.jpg\" alt=\"Fleur brod\u00e9e, cr\u00e9ation Caroline Gamb\" width=\"273\" height=\"237\" \/><\/a><p id=\"caption-attachment-3212\" class=\"wp-caption-text\">Fleur brod\u00e9e, cr\u00e9ation Caroline Gamb<\/p><\/div><\/td>\n<td>\n<p><div id=\"attachment_2818\" style=\"width: 310px\" class=\"wp-caption aligncenter\"><a href=\"http:\/\/www.broderieplaisir.eu\/wp-content\/uploads\/2014\/04\/marieandree-1024x767.jpg\"><img loading=\"lazy\" decoding=\"async\" aria-describedby=\"caption-attachment-2818\" class=\"size-medium wp-image-2818\" src=\"http:\/\/www.broderieplaisir.eu\/wp-content\/uploads\/2014\/04\/marieandree-1024x767-300x224.jpg\" alt=\"Marie-Andr\u00e9e sur son m\u00e9tier \u00e0 broder\" width=\"300\" height=\"224\" srcset=\"https:\/\/www.broderieplaisir.eu\/wp-content\/uploads\/2014\/04\/marieandree-1024x767-300x224.jpg 300w, https:\/\/www.broderieplaisir.eu\/wp-content\/uploads\/2014\/04\/marieandree-1024x767.jpg 1024w\" sizes=\"auto, (max-width: 300px) 100vw, 300px\" \/><\/a><p id=\"caption-attachment-2818\" class=\"wp-caption-text\">Marie-Andr\u00e9e sur son m\u00e9tier \u00e0 broder<\/p><\/div><\/td>\n<\/tr>\n<\/tbody>\n<\/table>\n<p>Ce sera \u00e9galement l&rsquo;occasion d&rsquo;admirer les cr\u00e9ations des autres disciplines enseign\u00e9es \u00e0 l&rsquo;Aclig, telles que le papier m\u00e2ch\u00e9, la couture, la peinture, le patchwork, la mosa\u00efque, l&rsquo;encadrement, le cartonnage, la peinture sur verre, entre autres&#8230;toujours d&rsquo;une tr\u00e8s grande qualit\u00e9 et dans une ambiance conviviale.<\/p>\n<p>L&rsquo;exposition a lieu au Pigeon Club d&rsquo;Illkirch-Graffenstaden, le samedi 30 et le dimanche 31 mai apr\u00e8s midi, l&rsquo;entr\u00e9e est libre.<\/p>\n<table style=\"height: 312px;\" width=\"221\">\n<tbody>\n<tr>\n<td><a href=\"http:\/\/www.broderieplaisir.eu\/wp-content\/uploads\/2015\/05\/image2214.jpg\"><img loading=\"lazy\" decoding=\"async\" class=\"aligncenter size-medium wp-image-3554\" src=\"http:\/\/www.broderieplaisir.eu\/wp-content\/uploads\/2015\/05\/image2214-213x300.jpg\" alt=\"image2214\" width=\"213\" height=\"300\" srcset=\"https:\/\/www.broderieplaisir.eu\/wp-content\/uploads\/2015\/05\/image2214-213x300.jpg 213w, https:\/\/www.broderieplaisir.eu\/wp-content\/uploads\/2015\/05\/image2214.jpg 364w\" sizes=\"auto, (max-width: 213px) 100vw, 213px\" \/><\/a><\/td>\n<\/tr>\n<\/tbody>\n<\/table>\n<p>Pour plus de renseignements, vous pouvez consulter le site de l&rsquo;Aclig <a title=\"D\u00e9couvrir le site de l'Aclig\" href=\"http:\/\/www.aclig.fr\/\" target=\"_blank\">www.aclig.fr<\/a><\/p>\n<p>Nous vous attendons nombreux.<\/p>\n","protected":false},"excerpt":{"rendered":"<p>Bonjour, nous avons le plaisir de vous informer que Caroline Gamb, cr\u00e9atrice en Broderie d&rsquo;art, exposera \u00e0 Illkirch les broderies r\u00e9alis\u00e9es tout au long de l&rsquo;ann\u00e9e par\u00a0 ces \u00e9l\u00e8ves, les 30 et 31 mai. Dans le cadre de l&rsquo;exposition de l&rsquo;Association Culture et loisir d&rsquo;Illkirch, vous pourrez d\u00e9couvrir les cr\u00e9ations brod\u00e9es sur le th\u00e8me de <a class=\"more-link\" href=\"https:\/\/www.broderieplaisir.eu\/?p=3553\">la suite&#8230; <i class=\"fa fa-chevron-right\"><\/i><\/a><\/p>\n","protected":false},"author":2,"featured_media":0,"comment_status":"open","ping_status":"open","sticky":false,"template":"","format":"standard","meta":{"footnotes":""},"categories":[39,74],"tags":[148],"class_list":["post-3553","post","type-post","status-publish","format-standard","hentry","category-actualites","category-exposition","tag-exposition-de-broderie-dart"],"_links":{"self":[{"href":"https:\/\/www.broderieplaisir.eu\/index.php?rest_route=\/wp\/v2\/posts\/3553","targetHints":{"allow":["GET"]}}],"collection":[{"href":"https:\/\/www.broderieplaisir.eu\/index.php?rest_route=\/wp\/v2\/posts"}],"about":[{"href":"https:\/\/www.broderieplaisir.eu\/index.php?rest_route=\/wp\/v2\/types\/post"}],"author":[{"embeddable":true,"href":"https:\/\/www.broderieplaisir.eu\/index.php?rest_route=\/wp\/v2\/users\/2"}],"replies":[{"embeddable":true,"href":"https:\/\/www.broderieplaisir.eu\/index.php?rest_route=%2Fwp%2Fv2%2Fcomments&post=3553"}],"version-history":[{"count":4,"href":"https:\/\/www.broderieplaisir.eu\/index.php?rest_route=\/wp\/v2\/posts\/3553\/revisions"}],"predecessor-version":[{"id":3558,"href":"https:\/\/www.broderieplaisir.eu\/index.php?rest_route=\/wp\/v2\/posts\/3553\/revisions\/3558"}],"wp:attachment":[{"href":"https:\/\/www.broderieplaisir.eu\/index.php?rest_route=%2Fwp%2Fv2%2Fmedia&parent=3553"}],"wp:term":[{"taxonomy":"category","embeddable":true,"href":"https:\/\/www.broderieplaisir.eu\/index.php?rest_route=%2Fwp%2Fv2%2Fcategories&post=3553"},{"taxonomy":"post_tag","embeddable":true,"href":"https:\/\/www.broderieplaisir.eu\/index.php?rest_route=%2Fwp%2Fv2%2Ftags&post=3553"}],"curies":[{"name":"wp","href":"https:\/\/api.w.org\/{rel}","templated":true}]}}