{"id":3793,"date":"2015-06-25T17:21:05","date_gmt":"2015-06-25T16:21:05","guid":{"rendered":"http:\/\/www.broderieplaisir.eu\/?p=3793"},"modified":"2015-06-25T17:21:05","modified_gmt":"2015-06-25T16:21:05","slug":"initiation-a-la-broderie-au-crochet-de-luneville-2","status":"publish","type":"post","link":"https:\/\/www.broderieplaisir.eu\/?p=3793","title":{"rendered":"Initiation \u00e0 la broderie au crochet de Lun\u00e9ville"},"content":{"rendered":"<p><strong>J&rsquo;ai le plaisir de vous annoncer que le prochain atelier anim\u00e9 par Caroline Gamb\u00a0est programm\u00e9 sur 2,5 jours, du 7 au 9 septembre 2015.<br \/>\n<\/strong>Caroline Gamb est cr\u00e9atrice en Broderie d&rsquo;art, form\u00e9e chez Lesage et a \u00e9t\u00e9 finaliste au concours \u00ab\u00a0Un meilleur ouvrier de France 2015\u00a0\u00bb en broderie haute couture.<strong><br \/>\n<\/strong><\/p>\n<p>&nbsp;<\/p>\n<p>Les points suivants seront \u00e9tudi\u00e9s :<a href=\"http:\/\/www.broderieplaisir.eu\/wp-content\/uploads\/2015\/04\/lys.jpg\"><img loading=\"lazy\" decoding=\"async\" class=\" wp-image-3522  alignright\" src=\"http:\/\/www.broderieplaisir.eu\/wp-content\/uploads\/2015\/04\/lys-300x300.jpg\" alt=\"Le lys brod\u00e9\" width=\"278\" height=\"278\" srcset=\"https:\/\/www.broderieplaisir.eu\/wp-content\/uploads\/2015\/04\/lys-300x300.jpg 300w, https:\/\/www.broderieplaisir.eu\/wp-content\/uploads\/2015\/04\/lys-150x150.jpg 150w, https:\/\/www.broderieplaisir.eu\/wp-content\/uploads\/2015\/04\/lys-1024x1024.jpg 1024w, https:\/\/www.broderieplaisir.eu\/wp-content\/uploads\/2015\/04\/lys-600x600.jpg 600w, https:\/\/www.broderieplaisir.eu\/wp-content\/uploads\/2015\/04\/lys.jpg 1382w\" sizes=\"auto, (max-width: 278px) 100vw, 278px\" \/><\/a><\/p>\n<p>&#8211; cha\u00eenette au crochet de Lun\u00e9ville\u00a0;<br \/>\n&#8211; pose de tubes, rocailles et cuvettes\u00a0au crochet de Lun\u00e9ville;<br \/>\n&#8211; pose de ruban en frou-frou \u00e0 l&rsquo;aiguille.<\/p>\n<p>Toutes les fournitures (tissu \u00e0 broder, perles, cuvettes, fils et rubans) sont comprises dans le prix du stage et le mat\u00e9riel (m\u00e9tier \u00e0 broder et crochet de Lun\u00e9ville) peut \u00eatre pr\u00eat\u00e9.<\/p>\n<p>&nbsp;<\/p>\n<p><strong>Dates et horaires :<\/strong><br \/>\n&#8211; lundi 7 septembre de 9h \u00e0 12h et de 13h \u00e0 17h<br \/>\n&#8211; mardi 8 septembre de 9h \u00e0 12h et de 13h \u00e0 17h<br \/>\n&#8211; mercredi 9 septembre de 9h \u00e0 12h.<\/p>\n<p><strong>Lieu\u00a0<\/strong>: Illkirch-Graffenstaden (67), 192 Route de Lyon (dans les locaux de l&rsquo;Aclig).<\/p>\n<p><strong>Tarif\u00a0<\/strong>: 200 \u20ac le stage tout inclus.<\/p>\n<p>R\u00e9servez vite, le nombre de places est limit\u00e9 \u00e0 6 personnes.<\/p>\n<p style=\"text-align: center;\"><strong>Pour tout renseignement compl\u00e9mentaire et pour s&rsquo;inscrire, <\/strong><br \/>\n<strong>contacter Caroline Gamb au 06 76 88 24 62<\/strong><\/p>\n","protected":false},"excerpt":{"rendered":"<p>J&rsquo;ai le plaisir de vous annoncer que le prochain atelier anim\u00e9 par Caroline Gamb\u00a0est programm\u00e9 sur 2,5 jours, du 7 au 9 septembre 2015. Caroline Gamb est cr\u00e9atrice en Broderie d&rsquo;art, form\u00e9e chez Lesage et a \u00e9t\u00e9 finaliste au concours \u00ab\u00a0Un meilleur ouvrier de France 2015\u00a0\u00bb en broderie haute couture. &nbsp; Les points suivants seront <a class=\"more-link\" href=\"https:\/\/www.broderieplaisir.eu\/?p=3793\">la suite&#8230; <i class=\"fa fa-chevron-right\"><\/i><\/a><\/p>\n","protected":false},"author":2,"featured_media":0,"comment_status":"open","ping_status":"open","sticky":false,"template":"","format":"standard","meta":{"footnotes":""},"categories":[39,6,5],"tags":[119],"class_list":["post-3793","post","type-post","status-publish","format-standard","hentry","category-actualites","category-broderie-dart","category-cours-et-stages-de-broderie","tag-apprendre-le-crochet-de-luneville"],"_links":{"self":[{"href":"https:\/\/www.broderieplaisir.eu\/index.php?rest_route=\/wp\/v2\/posts\/3793","targetHints":{"allow":["GET"]}}],"collection":[{"href":"https:\/\/www.broderieplaisir.eu\/index.php?rest_route=\/wp\/v2\/posts"}],"about":[{"href":"https:\/\/www.broderieplaisir.eu\/index.php?rest_route=\/wp\/v2\/types\/post"}],"author":[{"embeddable":true,"href":"https:\/\/www.broderieplaisir.eu\/index.php?rest_route=\/wp\/v2\/users\/2"}],"replies":[{"embeddable":true,"href":"https:\/\/www.broderieplaisir.eu\/index.php?rest_route=%2Fwp%2Fv2%2Fcomments&post=3793"}],"version-history":[{"count":5,"href":"https:\/\/www.broderieplaisir.eu\/index.php?rest_route=\/wp\/v2\/posts\/3793\/revisions"}],"predecessor-version":[{"id":3798,"href":"https:\/\/www.broderieplaisir.eu\/index.php?rest_route=\/wp\/v2\/posts\/3793\/revisions\/3798"}],"wp:attachment":[{"href":"https:\/\/www.broderieplaisir.eu\/index.php?rest_route=%2Fwp%2Fv2%2Fmedia&parent=3793"}],"wp:term":[{"taxonomy":"category","embeddable":true,"href":"https:\/\/www.broderieplaisir.eu\/index.php?rest_route=%2Fwp%2Fv2%2Fcategories&post=3793"},{"taxonomy":"post_tag","embeddable":true,"href":"https:\/\/www.broderieplaisir.eu\/index.php?rest_route=%2Fwp%2Fv2%2Ftags&post=3793"}],"curies":[{"name":"wp","href":"https:\/\/api.w.org\/{rel}","templated":true}]}}