{"id":3881,"date":"2015-09-30T13:05:10","date_gmt":"2015-09-30T12:05:10","guid":{"rendered":"http:\/\/www.broderieplaisir.eu\/?p=3881"},"modified":"2015-09-30T13:05:10","modified_gmt":"2015-09-30T12:05:10","slug":"cest-a-voir-a-avenches","status":"publish","type":"post","link":"https:\/\/www.broderieplaisir.eu\/?p=3881","title":{"rendered":"C&rsquo;est \u00e0 voir \u00e0 Avenches"},"content":{"rendered":"<p>Bonjour,<\/p>\n<p>si vous avez la chance de vous trouver du c\u00f4t\u00e9 de la Suisse entre le 9 et le 18 octobre 2015, voil\u00e0 une bonne id\u00e9e de sortie.<\/p>\n<p>L&rsquo;association \u00ab\u00a0Eloge du Fil\u00a0\u00bb organise un \u00e9v\u00e8nement autour des arts textiles contemporains avec expositions, conf\u00e9rences, ateliers et m\u00eame tricot-graffiti urbain.<\/p>\n<table class=\"table table-hover\">\n<tbody>\n<tr>\n<td><a href=\"http:\/\/www.broderieplaisir.eu\/wp-content\/uploads\/2015\/09\/affiche-exposition-arts-textiles-contemporains_11.jpg\"><img loading=\"lazy\" decoding=\"async\" class=\"aligncenter size-medium wp-image-3882\" src=\"http:\/\/www.broderieplaisir.eu\/wp-content\/uploads\/2015\/09\/affiche-exposition-arts-textiles-contemporains_11-211x300.jpg\" alt=\"affiche-exposition-arts-textiles-contemporains_11\" width=\"211\" height=\"300\" srcset=\"https:\/\/www.broderieplaisir.eu\/wp-content\/uploads\/2015\/09\/affiche-exposition-arts-textiles-contemporains_11-211x300.jpg 211w, https:\/\/www.broderieplaisir.eu\/wp-content\/uploads\/2015\/09\/affiche-exposition-arts-textiles-contemporains_11.jpg 451w\" sizes=\"auto, (max-width: 211px) 100vw, 211px\" \/><\/a><\/td>\n<td><a href=\"http:\/\/www.broderieplaisir.eu\/wp-content\/uploads\/2015\/09\/flyer-exposition-arts-textiles-contemporains_final3.jpg\"><img loading=\"lazy\" decoding=\"async\" class=\"aligncenter size-medium wp-image-3883\" src=\"http:\/\/www.broderieplaisir.eu\/wp-content\/uploads\/2015\/09\/flyer-exposition-arts-textiles-contemporains_final3-211x300.jpg\" alt=\"flyer-exposition-arts-textiles-contemporains_final3\" width=\"211\" height=\"300\" srcset=\"https:\/\/www.broderieplaisir.eu\/wp-content\/uploads\/2015\/09\/flyer-exposition-arts-textiles-contemporains_final3-211x300.jpg 211w, https:\/\/www.broderieplaisir.eu\/wp-content\/uploads\/2015\/09\/flyer-exposition-arts-textiles-contemporains_final3.jpg 451w\" sizes=\"auto, (max-width: 211px) 100vw, 211px\" \/><\/a><\/td>\n<\/tr>\n<\/tbody>\n<\/table>\n<p>&nbsp;<\/p>\n<p>Un beau programme et entre autres, l&rsquo;occasion de d\u00e9couvrir ou de retrouver Josiane et Magali, brodeuses et cr\u00e9atrice de bijoux en perles, dont nous aimons beaucoup les cr\u00e9ations.<\/p>\n<p>Vous pourrez trouver tous les d\u00e9tails sur leur blog : <a href=\"http:\/\/larbreauxperles.blogspot.ch\/2015\/09\/arts-textiles-et-tricot-grafitti.html\" target=\"_blank\">l&rsquo;arbre aux perles<\/a>.<\/p>\n<p>A bient\u00f4t.<\/p>\n","protected":false},"excerpt":{"rendered":"<p>Bonjour, si vous avez la chance de vous trouver du c\u00f4t\u00e9 de la Suisse entre le 9 et le 18 octobre 2015, voil\u00e0 une bonne id\u00e9e de sortie. L&rsquo;association \u00ab\u00a0Eloge du Fil\u00a0\u00bb organise un \u00e9v\u00e8nement autour des arts textiles contemporains avec expositions, conf\u00e9rences, ateliers et m\u00eame tricot-graffiti urbain. &nbsp; Un beau programme et entre autres, <a class=\"more-link\" href=\"https:\/\/www.broderieplaisir.eu\/?p=3881\">la suite&#8230; <i class=\"fa fa-chevron-right\"><\/i><\/a><\/p>\n","protected":false},"author":2,"featured_media":0,"comment_status":"open","ping_status":"open","sticky":false,"template":"","format":"standard","meta":{"footnotes":""},"categories":[39,74],"tags":[],"class_list":["post-3881","post","type-post","status-publish","format-standard","hentry","category-actualites","category-exposition"],"_links":{"self":[{"href":"https:\/\/www.broderieplaisir.eu\/index.php?rest_route=\/wp\/v2\/posts\/3881","targetHints":{"allow":["GET"]}}],"collection":[{"href":"https:\/\/www.broderieplaisir.eu\/index.php?rest_route=\/wp\/v2\/posts"}],"about":[{"href":"https:\/\/www.broderieplaisir.eu\/index.php?rest_route=\/wp\/v2\/types\/post"}],"author":[{"embeddable":true,"href":"https:\/\/www.broderieplaisir.eu\/index.php?rest_route=\/wp\/v2\/users\/2"}],"replies":[{"embeddable":true,"href":"https:\/\/www.broderieplaisir.eu\/index.php?rest_route=%2Fwp%2Fv2%2Fcomments&post=3881"}],"version-history":[{"count":3,"href":"https:\/\/www.broderieplaisir.eu\/index.php?rest_route=\/wp\/v2\/posts\/3881\/revisions"}],"predecessor-version":[{"id":3886,"href":"https:\/\/www.broderieplaisir.eu\/index.php?rest_route=\/wp\/v2\/posts\/3881\/revisions\/3886"}],"wp:attachment":[{"href":"https:\/\/www.broderieplaisir.eu\/index.php?rest_route=%2Fwp%2Fv2%2Fmedia&parent=3881"}],"wp:term":[{"taxonomy":"category","embeddable":true,"href":"https:\/\/www.broderieplaisir.eu\/index.php?rest_route=%2Fwp%2Fv2%2Fcategories&post=3881"},{"taxonomy":"post_tag","embeddable":true,"href":"https:\/\/www.broderieplaisir.eu\/index.php?rest_route=%2Fwp%2Fv2%2Ftags&post=3881"}],"curies":[{"name":"wp","href":"https:\/\/api.w.org\/{rel}","templated":true}]}}