{"id":4564,"date":"2017-05-04T16:48:18","date_gmt":"2017-05-04T15:48:18","guid":{"rendered":"http:\/\/www.broderieplaisir.eu\/?p=4564"},"modified":"2017-05-04T17:07:24","modified_gmt":"2017-05-04T16:07:24","slug":"une-jolie-exposition-a-visiter","status":"publish","type":"post","link":"https:\/\/www.broderieplaisir.eu\/?p=4564","title":{"rendered":"Une jolie exposition \u00e0 visiter"},"content":{"rendered":"<p>Bonjour,<br \/>\nc&rsquo;est le week-end\u00a0des 20\u00a0et 21 mai que l&rsquo;Association culture et loisirs d&rsquo;Illkirch organise son exposition annuelle. Tous les travaux r\u00e9alis\u00e9s par les \u00e9l\u00e8ves des diff\u00e9rentes disciplines enseign\u00e9es sont expos\u00e9s, toujours d&rsquo;une tr\u00e8s grande qualit\u00e9.<\/p>\n<p>Et bien entendu, toutes les broderies des \u00e9l\u00e8ves de <strong>Caroline Gamb<\/strong>, cr\u00e9atrice en broderie d&rsquo;art.<br \/>\nCette ann\u00e9e, nous avons travaill\u00e9 sur le th\u00e8me du r\u00e8gne animal, cam\u00e9l\u00e9ons brod\u00e9s et b\u00e9nitiers en 3 dimensions seront au rendez-vous.<\/p>\n<p><img loading=\"lazy\" decoding=\"async\" class=\"aligncenter wp-image-4565 size-full\" src=\"http:\/\/www.broderieplaisir.eu\/wp-content\/uploads\/2017\/05\/image373.jpg\" alt=\"\" width=\"352\" height=\"498\" srcset=\"https:\/\/www.broderieplaisir.eu\/wp-content\/uploads\/2017\/05\/image373.jpg 352w, https:\/\/www.broderieplaisir.eu\/wp-content\/uploads\/2017\/05\/image373-212x300.jpg 212w\" sizes=\"auto, (max-width: 352px) 100vw, 352px\" \/><br \/>\nNous vous attendons nombreux, \u00e0 bient\u00f4t.<\/p>\n","protected":false},"excerpt":{"rendered":"<p>Bonjour, c&rsquo;est le week-end\u00a0des 20\u00a0et 21 mai que l&rsquo;Association culture et loisirs d&rsquo;Illkirch organise son exposition annuelle. Tous les travaux r\u00e9alis\u00e9s par les \u00e9l\u00e8ves des diff\u00e9rentes disciplines enseign\u00e9es sont expos\u00e9s, toujours d&rsquo;une tr\u00e8s grande qualit\u00e9. Et bien entendu, toutes les broderies des \u00e9l\u00e8ves de Caroline Gamb, cr\u00e9atrice en broderie d&rsquo;art. Cette ann\u00e9e, nous avons travaill\u00e9 <a class=\"more-link\" href=\"https:\/\/www.broderieplaisir.eu\/?p=4564\">la suite&#8230; <i class=\"fa fa-chevron-right\"><\/i><\/a><\/p>\n","protected":false},"author":2,"featured_media":0,"comment_status":"open","ping_status":"open","sticky":false,"template":"","format":"aside","meta":{"footnotes":""},"categories":[39,5,74],"tags":[64],"class_list":["post-4564","post","type-post","status-publish","format-aside","hentry","category-actualites","category-cours-et-stages-de-broderie","category-exposition","tag-exposition-de-broderie","post_format-post-format-aside"],"_links":{"self":[{"href":"https:\/\/www.broderieplaisir.eu\/index.php?rest_route=\/wp\/v2\/posts\/4564","targetHints":{"allow":["GET"]}}],"collection":[{"href":"https:\/\/www.broderieplaisir.eu\/index.php?rest_route=\/wp\/v2\/posts"}],"about":[{"href":"https:\/\/www.broderieplaisir.eu\/index.php?rest_route=\/wp\/v2\/types\/post"}],"author":[{"embeddable":true,"href":"https:\/\/www.broderieplaisir.eu\/index.php?rest_route=\/wp\/v2\/users\/2"}],"replies":[{"embeddable":true,"href":"https:\/\/www.broderieplaisir.eu\/index.php?rest_route=%2Fwp%2Fv2%2Fcomments&post=4564"}],"version-history":[{"count":2,"href":"https:\/\/www.broderieplaisir.eu\/index.php?rest_route=\/wp\/v2\/posts\/4564\/revisions"}],"predecessor-version":[{"id":4567,"href":"https:\/\/www.broderieplaisir.eu\/index.php?rest_route=\/wp\/v2\/posts\/4564\/revisions\/4567"}],"wp:attachment":[{"href":"https:\/\/www.broderieplaisir.eu\/index.php?rest_route=%2Fwp%2Fv2%2Fmedia&parent=4564"}],"wp:term":[{"taxonomy":"category","embeddable":true,"href":"https:\/\/www.broderieplaisir.eu\/index.php?rest_route=%2Fwp%2Fv2%2Fcategories&post=4564"},{"taxonomy":"post_tag","embeddable":true,"href":"https:\/\/www.broderieplaisir.eu\/index.php?rest_route=%2Fwp%2Fv2%2Ftags&post=4564"}],"curies":[{"name":"wp","href":"https:\/\/api.w.org\/{rel}","templated":true}]}}