{"id":4750,"date":"2018-03-17T11:24:27","date_gmt":"2018-03-17T10:24:27","guid":{"rendered":"http:\/\/www.broderieplaisir.eu\/?p=4750"},"modified":"2018-03-17T11:24:27","modified_gmt":"2018-03-17T10:24:27","slug":"exposition-de-laclig-les-14-et-15-avril","status":"publish","type":"post","link":"https:\/\/www.broderieplaisir.eu\/?p=4750","title":{"rendered":"Exposition de l&rsquo;Aclig les 14 et 15 avril"},"content":{"rendered":"<p>Bonjour,<br \/>\nj&rsquo;ai le plaisir de vous annoncer que l&rsquo;exposition de l&rsquo;Aclig (association culture et loisir d&rsquo;Illkirch Graffenstaden) a lieu les 14 et 15 avril au Pigeon Club d&rsquo;Illkirch.<br \/>\nLe samedi de 11h \u00e0 18h et le dimanche de 14h \u00e0 19h.<\/p>\n<p>L&rsquo;occasion de d\u00e9couvrir les r\u00e9alisations des \u00e9l\u00e8ves de toutes les activit\u00e9s qui y sont enseign\u00e9es et entre autres, le cours de Broderie d&rsquo;art anim\u00e9 par Caroline Gamb. Des d\u00e9monstrations de broderie d&rsquo;art seront propos\u00e9es durant l&rsquo;exposition, par Caroline et ses \u00e9l\u00e8ves.<\/p>\n<p>Cette ann\u00e9e, le th\u00e8me sur lequel nous avons travaill\u00e9 est le design urbain.<\/p>\n<p><img loading=\"lazy\" decoding=\"async\" class=\"aligncenter size-medium wp-image-4751\" src=\"http:\/\/www.broderieplaisir.eu\/wp-content\/uploads\/2018\/03\/afficheaclig2018-212x300.jpg\" alt=\"\" width=\"212\" height=\"300\" srcset=\"https:\/\/www.broderieplaisir.eu\/wp-content\/uploads\/2018\/03\/afficheaclig2018-212x300.jpg 212w, https:\/\/www.broderieplaisir.eu\/wp-content\/uploads\/2018\/03\/afficheaclig2018-600x848.jpg 600w, https:\/\/www.broderieplaisir.eu\/wp-content\/uploads\/2018\/03\/afficheaclig2018.jpg 679w\" sizes=\"auto, (max-width: 212px) 100vw, 212px\" \/><\/p>\n<p>A tr\u00e8s bient\u00f4t.<\/p>\n","protected":false},"excerpt":{"rendered":"<p>Bonjour, j&rsquo;ai le plaisir de vous annoncer que l&rsquo;exposition de l&rsquo;Aclig (association culture et loisir d&rsquo;Illkirch Graffenstaden) a lieu les 14 et 15 avril au Pigeon Club d&rsquo;Illkirch. Le samedi de 11h \u00e0 18h et le dimanche de 14h \u00e0 19h. L&rsquo;occasion de d\u00e9couvrir les r\u00e9alisations des \u00e9l\u00e8ves de toutes les activit\u00e9s qui y sont <a class=\"more-link\" href=\"https:\/\/www.broderieplaisir.eu\/?p=4750\">la suite&#8230; <i class=\"fa fa-chevron-right\"><\/i><\/a><\/p>\n","protected":false},"author":2,"featured_media":0,"comment_status":"open","ping_status":"open","sticky":false,"template":"","format":"aside","meta":{"footnotes":""},"categories":[39,6,74],"tags":[148],"class_list":["post-4750","post","type-post","status-publish","format-aside","hentry","category-actualites","category-broderie-dart","category-exposition","tag-exposition-de-broderie-dart","post_format-post-format-aside"],"_links":{"self":[{"href":"https:\/\/www.broderieplaisir.eu\/index.php?rest_route=\/wp\/v2\/posts\/4750","targetHints":{"allow":["GET"]}}],"collection":[{"href":"https:\/\/www.broderieplaisir.eu\/index.php?rest_route=\/wp\/v2\/posts"}],"about":[{"href":"https:\/\/www.broderieplaisir.eu\/index.php?rest_route=\/wp\/v2\/types\/post"}],"author":[{"embeddable":true,"href":"https:\/\/www.broderieplaisir.eu\/index.php?rest_route=\/wp\/v2\/users\/2"}],"replies":[{"embeddable":true,"href":"https:\/\/www.broderieplaisir.eu\/index.php?rest_route=%2Fwp%2Fv2%2Fcomments&post=4750"}],"version-history":[{"count":3,"href":"https:\/\/www.broderieplaisir.eu\/index.php?rest_route=\/wp\/v2\/posts\/4750\/revisions"}],"predecessor-version":[{"id":4754,"href":"https:\/\/www.broderieplaisir.eu\/index.php?rest_route=\/wp\/v2\/posts\/4750\/revisions\/4754"}],"wp:attachment":[{"href":"https:\/\/www.broderieplaisir.eu\/index.php?rest_route=%2Fwp%2Fv2%2Fmedia&parent=4750"}],"wp:term":[{"taxonomy":"category","embeddable":true,"href":"https:\/\/www.broderieplaisir.eu\/index.php?rest_route=%2Fwp%2Fv2%2Fcategories&post=4750"},{"taxonomy":"post_tag","embeddable":true,"href":"https:\/\/www.broderieplaisir.eu\/index.php?rest_route=%2Fwp%2Fv2%2Ftags&post=4750"}],"curies":[{"name":"wp","href":"https:\/\/api.w.org\/{rel}","templated":true}]}}