{"id":4835,"date":"2018-08-31T16:56:46","date_gmt":"2018-08-31T15:56:46","guid":{"rendered":"http:\/\/www.broderieplaisir.eu\/?p=4835"},"modified":"2018-08-31T16:56:46","modified_gmt":"2018-08-31T15:56:46","slug":"rendez-vous-a-orleans-les-15-et-16-septembre","status":"publish","type":"post","link":"https:\/\/www.broderieplaisir.eu\/?p=4835","title":{"rendered":"Rendez-vous \u00e0 Orl\u00e9ans les 15 et 16 septembre"},"content":{"rendered":"<p>Bonjour,<br \/>\nnous avons le plaisir de participer au salon \u00ab\u00a0Au fil du fil\u00a0\u00bb organis\u00e9 \u00e0 Orl\u00e9ans le samedi 15 et le dimanche 16 octobre et nous vous y donnons rendez-vous.<\/p>\n<p>Dans cette exposition de broderies, cr\u00e9ations textiles, laines, vous trouverez des kits et des fournitures et pourrez participer \u00e0 des ateliers.<\/p>\n<p>L&rsquo;invit\u00e9 d&rsquo;honneur est le brodeur et styliste Pascal Jaouen.<\/p>\n<p><a href=\"https:\/\/ascao.jimdo.com\/\" target=\"_blank\" rel=\"noopener\"><img loading=\"lazy\" decoding=\"async\" class=\"aligncenter size-full wp-image-4837\" src=\"http:\/\/www.broderieplaisir.eu\/wp-content\/uploads\/2018\/08\/affiche_ORLEANS-464x640.jpg\" alt=\"\" width=\"464\" height=\"640\" srcset=\"https:\/\/www.broderieplaisir.eu\/wp-content\/uploads\/2018\/08\/affiche_ORLEANS-464x640.jpg 464w, https:\/\/www.broderieplaisir.eu\/wp-content\/uploads\/2018\/08\/affiche_ORLEANS-464x640-218x300.jpg 218w\" sizes=\"auto, (max-width: 464px) 100vw, 464px\" \/><\/a><\/p>\n<p>&nbsp;<\/p>\n<p>Nous vous attendons nombreux samedi de 9h30 \u00e0 18h30 et dimanche de 9h30 \u00e0 17h30, salle Fernand Pellicier \u00e0 Orl\u00e9ans la Source.<\/p>\n<p>Au plaisir de vous y retrouver.<\/p>\n<p>Visiter le site de Broderie Plaisir <a href=\"http:\/\/www.broderieplaisir.com\" target=\"_blank\" rel=\"noopener\">ICI<\/a><\/p>\n","protected":false},"excerpt":{"rendered":"<p>Bonjour, nous avons le plaisir de participer au salon \u00ab\u00a0Au fil du fil\u00a0\u00bb organis\u00e9 \u00e0 Orl\u00e9ans le samedi 15 et le dimanche 16 octobre et nous vous y donnons rendez-vous. Dans cette exposition de broderies, cr\u00e9ations textiles, laines, vous trouverez des kits et des fournitures et pourrez participer \u00e0 des ateliers. L&rsquo;invit\u00e9 d&rsquo;honneur est le <a class=\"more-link\" href=\"https:\/\/www.broderieplaisir.eu\/?p=4835\">la suite&#8230; <i class=\"fa fa-chevron-right\"><\/i><\/a><\/p>\n","protected":false},"author":2,"featured_media":0,"comment_status":"open","ping_status":"open","sticky":false,"template":"","format":"aside","meta":{"footnotes":""},"categories":[39,74],"tags":[],"class_list":["post-4835","post","type-post","status-publish","format-aside","hentry","category-actualites","category-exposition","post_format-post-format-aside"],"_links":{"self":[{"href":"https:\/\/www.broderieplaisir.eu\/index.php?rest_route=\/wp\/v2\/posts\/4835","targetHints":{"allow":["GET"]}}],"collection":[{"href":"https:\/\/www.broderieplaisir.eu\/index.php?rest_route=\/wp\/v2\/posts"}],"about":[{"href":"https:\/\/www.broderieplaisir.eu\/index.php?rest_route=\/wp\/v2\/types\/post"}],"author":[{"embeddable":true,"href":"https:\/\/www.broderieplaisir.eu\/index.php?rest_route=\/wp\/v2\/users\/2"}],"replies":[{"embeddable":true,"href":"https:\/\/www.broderieplaisir.eu\/index.php?rest_route=%2Fwp%2Fv2%2Fcomments&post=4835"}],"version-history":[{"count":3,"href":"https:\/\/www.broderieplaisir.eu\/index.php?rest_route=\/wp\/v2\/posts\/4835\/revisions"}],"predecessor-version":[{"id":4841,"href":"https:\/\/www.broderieplaisir.eu\/index.php?rest_route=\/wp\/v2\/posts\/4835\/revisions\/4841"}],"wp:attachment":[{"href":"https:\/\/www.broderieplaisir.eu\/index.php?rest_route=%2Fwp%2Fv2%2Fmedia&parent=4835"}],"wp:term":[{"taxonomy":"category","embeddable":true,"href":"https:\/\/www.broderieplaisir.eu\/index.php?rest_route=%2Fwp%2Fv2%2Fcategories&post=4835"},{"taxonomy":"post_tag","embeddable":true,"href":"https:\/\/www.broderieplaisir.eu\/index.php?rest_route=%2Fwp%2Fv2%2Ftags&post=4835"}],"curies":[{"name":"wp","href":"https:\/\/api.w.org\/{rel}","templated":true}]}}