{"id":4865,"date":"2018-09-25T14:21:50","date_gmt":"2018-09-25T13:21:50","guid":{"rendered":"http:\/\/www.broderieplaisir.eu\/?p=4865"},"modified":"2018-09-25T14:21:50","modified_gmt":"2018-09-25T13:21:50","slug":"rendez-vous-a-paris","status":"publish","type":"post","link":"https:\/\/www.broderieplaisir.eu\/?p=4865","title":{"rendered":"Rendez-vous \u00e0 Paris"},"content":{"rendered":"<h4>Bonjour,<br \/>\nnous avons le plaisir de vous inviter \u00e0 visiter la boutique \u00e9ph\u00e9m\u00e8re que nous ouvrons \u00e0 Paris, du 10 au 14 octobre 2018.<\/h4>\n<h4>Nous vous proposerons nos fournitures et mat\u00e9riels pour la broderie d&rsquo;art et vous pr\u00e9senterons les nouveaux mod\u00e8les de m\u00e9tiers \u00e0 broder.<\/h4>\n<h4>Nous serons accompagn\u00e9s de 2 cr\u00e9atrices de talents, Yza, peintre et c\u00e9ramiste et Christine de \u00ab\u00a0Du vent dans les plumes\u00a0\u00bb, cr\u00e9atrice de d\u00e9corations en origami.<\/h4>\n<h4>Nous vous accueillons au 68 Rue du Cherche-Midi, Paris 6\u00e8, aux horaires suivants :<br \/>\n&#8211; mercredi de 14h \u00e0 21h<br \/>\n&#8211; de jeudi \u00e0 samedi de 10h \u00e0 21h en continu<br \/>\n&#8211; dimanche de 10h \u00e0 14h.<\/h4>\n<h4>Etant donn\u00e9 que nous ne pourrons pas apporter l&rsquo;int\u00e9gralit\u00e9 de nos gammes, n&rsquo;h\u00e9sitez pas \u00e0 nous contacter si vous d\u00e9sirez voir un article en particulier.<\/h4>\n<h4>Nous nous r\u00e9jouissons de vous rencontrer \u00e0 cette occasion et vous attendons nombreux.\u00a0 Au plaisir.<\/h4>\n<p>&nbsp;<\/p>\n<table style=\"border-collapse: collapse; width: 100%;\" border=\"1\">\n<tbody>\n<tr>\n<td style=\"width: 50%;\"><img loading=\"lazy\" decoding=\"async\" class=\"aligncenter wp-image-4867\" src=\"http:\/\/www.broderieplaisir.eu\/wp-content\/uploads\/2018\/09\/expo_paris_recto.jpg\" alt=\"\" width=\"650\" height=\"910\" srcset=\"https:\/\/www.broderieplaisir.eu\/wp-content\/uploads\/2018\/09\/expo_paris_recto.jpg 714w, https:\/\/www.broderieplaisir.eu\/wp-content\/uploads\/2018\/09\/expo_paris_recto-214x300.jpg 214w, https:\/\/www.broderieplaisir.eu\/wp-content\/uploads\/2018\/09\/expo_paris_recto-600x840.jpg 600w\" sizes=\"auto, (max-width: 650px) 100vw, 650px\" \/><\/td>\n<td style=\"width: 50%;\"><img loading=\"lazy\" decoding=\"async\" class=\"aligncenter wp-image-4868\" src=\"http:\/\/www.broderieplaisir.eu\/wp-content\/uploads\/2018\/09\/expo_paris_verso.jpg\" alt=\"\" width=\"650\" height=\"910\" srcset=\"https:\/\/www.broderieplaisir.eu\/wp-content\/uploads\/2018\/09\/expo_paris_verso.jpg 714w, https:\/\/www.broderieplaisir.eu\/wp-content\/uploads\/2018\/09\/expo_paris_verso-214x300.jpg 214w, https:\/\/www.broderieplaisir.eu\/wp-content\/uploads\/2018\/09\/expo_paris_verso-600x840.jpg 600w\" sizes=\"auto, (max-width: 650px) 100vw, 650px\" \/><\/td>\n<\/tr>\n<\/tbody>\n<\/table>\n","protected":false},"excerpt":{"rendered":"<p>Bonjour, nous avons le plaisir de vous inviter \u00e0 visiter la boutique \u00e9ph\u00e9m\u00e8re que nous ouvrons \u00e0 Paris, du 10 au 14 octobre 2018. Nous vous proposerons nos fournitures et mat\u00e9riels pour la broderie d&rsquo;art et vous pr\u00e9senterons les nouveaux mod\u00e8les de m\u00e9tiers \u00e0 broder. Nous serons accompagn\u00e9s de 2 cr\u00e9atrices de talents, Yza, peintre <a class=\"more-link\" href=\"https:\/\/www.broderieplaisir.eu\/?p=4865\">la suite&#8230; <i class=\"fa fa-chevron-right\"><\/i><\/a><\/p>\n","protected":false},"author":2,"featured_media":0,"comment_status":"open","ping_status":"open","sticky":false,"template":"","format":"aside","meta":{"footnotes":""},"categories":[39],"tags":[221,178],"class_list":["post-4865","post","type-post","status-publish","format-aside","hentry","category-actualites","tag-boutique-ephemere-paris","tag-broderie-plaisir-a-paris","post_format-post-format-aside"],"_links":{"self":[{"href":"https:\/\/www.broderieplaisir.eu\/index.php?rest_route=\/wp\/v2\/posts\/4865","targetHints":{"allow":["GET"]}}],"collection":[{"href":"https:\/\/www.broderieplaisir.eu\/index.php?rest_route=\/wp\/v2\/posts"}],"about":[{"href":"https:\/\/www.broderieplaisir.eu\/index.php?rest_route=\/wp\/v2\/types\/post"}],"author":[{"embeddable":true,"href":"https:\/\/www.broderieplaisir.eu\/index.php?rest_route=\/wp\/v2\/users\/2"}],"replies":[{"embeddable":true,"href":"https:\/\/www.broderieplaisir.eu\/index.php?rest_route=%2Fwp%2Fv2%2Fcomments&post=4865"}],"version-history":[{"count":4,"href":"https:\/\/www.broderieplaisir.eu\/index.php?rest_route=\/wp\/v2\/posts\/4865\/revisions"}],"predecessor-version":[{"id":4871,"href":"https:\/\/www.broderieplaisir.eu\/index.php?rest_route=\/wp\/v2\/posts\/4865\/revisions\/4871"}],"wp:attachment":[{"href":"https:\/\/www.broderieplaisir.eu\/index.php?rest_route=%2Fwp%2Fv2%2Fmedia&parent=4865"}],"wp:term":[{"taxonomy":"category","embeddable":true,"href":"https:\/\/www.broderieplaisir.eu\/index.php?rest_route=%2Fwp%2Fv2%2Fcategories&post=4865"},{"taxonomy":"post_tag","embeddable":true,"href":"https:\/\/www.broderieplaisir.eu\/index.php?rest_route=%2Fwp%2Fv2%2Ftags&post=4865"}],"curies":[{"name":"wp","href":"https:\/\/api.w.org\/{rel}","templated":true}]}}