{"id":5104,"date":"2020-01-29T17:07:06","date_gmt":"2020-01-29T16:07:06","guid":{"rendered":"http:\/\/www.broderieplaisir.eu\/?p=5104"},"modified":"2020-09-11T15:02:35","modified_gmt":"2020-09-11T14:02:35","slug":"rendez-vous-a-courtrai-belgique-du-6-au-8-mars","status":"publish","type":"post","link":"https:\/\/www.broderieplaisir.eu\/?p=5104","title":{"rendered":"Rendez-vous \u00e0 Courtrai (Belgique) du 6 au 8 mars"},"content":{"rendered":"\n<p><strong>Bonjour, nous avons le plaisir de vous informer que nous participons au salon Hobby Cr\u00e9atif de Courtrai, en Belgique, id\u00e9alement situ\u00e9 tout proche des Hauts de France. <\/strong><br><strong>Nous vous y donnons rendez-vous du vendredi 6 au dimanche 8 mars, de 10 heures \u00e0 18 heures, sur le stand N\u00b0407.<\/strong><\/p>\n\n\n\n<p>Nous y exposerons une grande partie de nos gammes de fournitures et mat\u00e9riels pour la broderie d&rsquo;art.<br>Mais bien entendu, comme nous ne pouvons pas emporter l&rsquo;int\u00e9gralit\u00e9 de la boutique, n&rsquo;h\u00e9sitez pas \u00e0 nous contacter si vous d\u00e9sirez voir un article en particulier.<\/p>\n\n\n\n<p>Au plaisir de vous y retrouver nombreux.<\/p>\n\n\n\n<p><\/p>\n\n\n\n<div class=\"wp-block-image\"><figure class=\"aligncenter size-large\"><a href=\"https:\/\/www.hobbysalon.be\/fr\/salon\/12e-hobby-creatif-salon\/\" target=\"_blank\" rel=\"noreferrer noopener\"><img loading=\"lazy\" decoding=\"async\" width=\"353\" height=\"500\" src=\"http:\/\/www.broderieplaisir.eu\/wp-content\/uploads\/2020\/01\/2020-flyer-krtrk-recto-FR-zBON-353x500-1.jpg\" alt=\"\" class=\"wp-image-5106\" srcset=\"https:\/\/www.broderieplaisir.eu\/wp-content\/uploads\/2020\/01\/2020-flyer-krtrk-recto-FR-zBON-353x500-1.jpg 353w, https:\/\/www.broderieplaisir.eu\/wp-content\/uploads\/2020\/01\/2020-flyer-krtrk-recto-FR-zBON-353x500-1-212x300.jpg 212w\" sizes=\"auto, (max-width: 353px) 100vw, 353px\" \/><\/a><\/figure><\/div>\n","protected":false},"excerpt":{"rendered":"<p>Bonjour, nous avons le plaisir de vous informer que nous participons au salon Hobby Cr\u00e9atif de Courtrai, en Belgique, id\u00e9alement situ\u00e9 tout proche des Hauts de France. Nous vous y donnons rendez-vous du vendredi 6 au dimanche 8 mars, de 10 heures \u00e0 18 heures, sur le stand N\u00b0407. Nous y exposerons une grande partie <a class=\"more-link\" href=\"https:\/\/www.broderieplaisir.eu\/?p=5104\">la suite&#8230; <i class=\"fa fa-chevron-right\"><\/i><\/a><\/p>\n","protected":false},"author":2,"featured_media":0,"comment_status":"open","ping_status":"open","sticky":false,"template":"","format":"aside","meta":{"footnotes":""},"categories":[39],"tags":[],"class_list":["post-5104","post","type-post","status-publish","format-aside","hentry","category-actualites","post_format-post-format-aside"],"_links":{"self":[{"href":"https:\/\/www.broderieplaisir.eu\/index.php?rest_route=\/wp\/v2\/posts\/5104","targetHints":{"allow":["GET"]}}],"collection":[{"href":"https:\/\/www.broderieplaisir.eu\/index.php?rest_route=\/wp\/v2\/posts"}],"about":[{"href":"https:\/\/www.broderieplaisir.eu\/index.php?rest_route=\/wp\/v2\/types\/post"}],"author":[{"embeddable":true,"href":"https:\/\/www.broderieplaisir.eu\/index.php?rest_route=\/wp\/v2\/users\/2"}],"replies":[{"embeddable":true,"href":"https:\/\/www.broderieplaisir.eu\/index.php?rest_route=%2Fwp%2Fv2%2Fcomments&post=5104"}],"version-history":[{"count":4,"href":"https:\/\/www.broderieplaisir.eu\/index.php?rest_route=\/wp\/v2\/posts\/5104\/revisions"}],"predecessor-version":[{"id":5110,"href":"https:\/\/www.broderieplaisir.eu\/index.php?rest_route=\/wp\/v2\/posts\/5104\/revisions\/5110"}],"wp:attachment":[{"href":"https:\/\/www.broderieplaisir.eu\/index.php?rest_route=%2Fwp%2Fv2%2Fmedia&parent=5104"}],"wp:term":[{"taxonomy":"category","embeddable":true,"href":"https:\/\/www.broderieplaisir.eu\/index.php?rest_route=%2Fwp%2Fv2%2Fcategories&post=5104"},{"taxonomy":"post_tag","embeddable":true,"href":"https:\/\/www.broderieplaisir.eu\/index.php?rest_route=%2Fwp%2Fv2%2Ftags&post=5104"}],"curies":[{"name":"wp","href":"https:\/\/api.w.org\/{rel}","templated":true}]}}