{"id":880,"date":"2012-10-31T07:06:14","date_gmt":"2012-10-31T07:06:14","guid":{"rendered":"http:\/\/www.broderieplaisir.eu\/?p=880"},"modified":"2012-10-31T07:06:14","modified_gmt":"2012-10-31T07:06:14","slug":"un-petit-sac-a-croquer-termine","status":"publish","type":"post","link":"https:\/\/www.broderieplaisir.eu\/?p=880","title":{"rendered":"Un petit sac \u00e0 croquer&#8230;termin\u00e9"},"content":{"rendered":"<p>Bonjour,<br \/>\nle voici mont\u00e9 et pr\u00eat \u00e0 \u00eatre le \u00ab\u00a0clou\u00a0\u00bb du stand de Caroline Gamb \u00e0 Kutzenhausen, le ravissant sac brod\u00e9 de perles, bord\u00e9 de frou-frou en panne de velours.<\/p>\n<div id=\"attachment_882\" style=\"width: 310px\" class=\"wp-caption alignleft\"><a href=\"http:\/\/www.broderieplaisir.eu\/wp-content\/uploads\/2012\/10\/sac_caro2.jpg\"><img loading=\"lazy\" decoding=\"async\" aria-describedby=\"caption-attachment-882\" class=\"size-medium wp-image-882\" title=\"sac_caro2\" src=\"http:\/\/www.broderieplaisir.eu\/wp-content\/uploads\/2012\/10\/sac_caro2-300x267.jpg\" alt=\"\" width=\"300\" height=\"267\" srcset=\"https:\/\/www.broderieplaisir.eu\/wp-content\/uploads\/2012\/10\/sac_caro2-300x267.jpg 300w, https:\/\/www.broderieplaisir.eu\/wp-content\/uploads\/2012\/10\/sac_caro2-1024x912.jpg 1024w, https:\/\/www.broderieplaisir.eu\/wp-content\/uploads\/2012\/10\/sac_caro2.jpg 1456w\" sizes=\"auto, (max-width: 300px) 100vw, 300px\" \/><\/a><p id=\"caption-attachment-882\" class=\"wp-caption-text\">Sac brod\u00e9 de Caroline Gamb<\/p><\/div>\n<p>&nbsp;<\/p>\n<p>&nbsp;<\/p>\n<p>&nbsp;<\/p>\n<p>&nbsp;<\/p>\n<p>&nbsp;<\/p>\n<p>&nbsp;<\/p>\n<p>&nbsp;<\/p>\n<p>&nbsp;<\/p>\n<p>&nbsp;<\/p>\n<p>&nbsp;<\/p>\n<div id=\"attachment_884\" style=\"width: 310px\" class=\"wp-caption alignleft\"><a href=\"http:\/\/www.broderieplaisir.eu\/wp-content\/uploads\/2012\/10\/sac_caro31.jpg\"><img loading=\"lazy\" decoding=\"async\" aria-describedby=\"caption-attachment-884\" class=\"size-medium wp-image-884\" title=\"sac_caro3\" src=\"http:\/\/www.broderieplaisir.eu\/wp-content\/uploads\/2012\/10\/sac_caro31-300x300.jpg\" alt=\"\" width=\"300\" height=\"300\" srcset=\"https:\/\/www.broderieplaisir.eu\/wp-content\/uploads\/2012\/10\/sac_caro31-300x300.jpg 300w, https:\/\/www.broderieplaisir.eu\/wp-content\/uploads\/2012\/10\/sac_caro31-150x150.jpg 150w, https:\/\/www.broderieplaisir.eu\/wp-content\/uploads\/2012\/10\/sac_caro31-1024x1024.jpg 1024w, https:\/\/www.broderieplaisir.eu\/wp-content\/uploads\/2012\/10\/sac_caro31.jpg 1536w\" sizes=\"auto, (max-width: 300px) 100vw, 300px\" \/><\/a><p id=\"caption-attachment-884\" class=\"wp-caption-text\">D\u00e9tail des broderies perl\u00e9es<\/p><\/div>\n<p>&nbsp;<\/p>\n<p>&nbsp;<\/p>\n<p>&nbsp;<\/p>\n<p>&nbsp;<\/p>\n<p>&nbsp;<\/p>\n<p>&nbsp;<\/p>\n<p>&nbsp;<\/p>\n<p>&nbsp;<\/p>\n<p>&nbsp;<\/p>\n<p>&nbsp;<\/p>\n<p>&nbsp;<\/p>\n<p>La base du sac est en lin gris, les perles (anciennes) et les paillettes sont brod\u00e9es au crochet de Lun\u00e9ville en superposition, afin de donner cet effet de relief.<br \/>\nL&rsquo;anse est r\u00e9alis\u00e9e en lin et en velours.<\/p>\n<p>Sa forme rectangulaire conf\u00e8re \u00e0 ce petit sac une grande originalit\u00e9 (et il s&rsquo;agit bien s\u00fbr d&rsquo;une pi\u00e8ce unique).<\/p>\n<p>A bient\u00f4t.<\/p>\n<p>&nbsp;<\/p>\n<p>&nbsp;<\/p>\n<p>&nbsp;<\/p>\n","protected":false},"excerpt":{"rendered":"<p>Bonjour, le voici mont\u00e9 et pr\u00eat \u00e0 \u00eatre le \u00ab\u00a0clou\u00a0\u00bb du stand de Caroline Gamb \u00e0 Kutzenhausen, le ravissant sac brod\u00e9 de perles, bord\u00e9 de frou-frou en panne de velours. &nbsp; &nbsp; &nbsp; &nbsp; &nbsp; &nbsp; &nbsp; &nbsp; &nbsp; &nbsp; &nbsp; &nbsp; &nbsp; &nbsp; &nbsp; &nbsp; &nbsp; &nbsp; &nbsp; &nbsp; &nbsp; La base du sac <a class=\"more-link\" href=\"https:\/\/www.broderieplaisir.eu\/?p=880\">la suite&#8230; <i class=\"fa fa-chevron-right\"><\/i><\/a><\/p>\n","protected":false},"author":2,"featured_media":0,"comment_status":"open","ping_status":"open","sticky":false,"template":"","format":"standard","meta":{"footnotes":""},"categories":[6],"tags":[15,25,26],"class_list":["post-880","post","type-post","status-publish","format-standard","hentry","category-broderie-dart","tag-broderie-dart-2","tag-broderie-de-luneville","tag-caroline-gamb"],"_links":{"self":[{"href":"https:\/\/www.broderieplaisir.eu\/index.php?rest_route=\/wp\/v2\/posts\/880","targetHints":{"allow":["GET"]}}],"collection":[{"href":"https:\/\/www.broderieplaisir.eu\/index.php?rest_route=\/wp\/v2\/posts"}],"about":[{"href":"https:\/\/www.broderieplaisir.eu\/index.php?rest_route=\/wp\/v2\/types\/post"}],"author":[{"embeddable":true,"href":"https:\/\/www.broderieplaisir.eu\/index.php?rest_route=\/wp\/v2\/users\/2"}],"replies":[{"embeddable":true,"href":"https:\/\/www.broderieplaisir.eu\/index.php?rest_route=%2Fwp%2Fv2%2Fcomments&post=880"}],"version-history":[{"count":5,"href":"https:\/\/www.broderieplaisir.eu\/index.php?rest_route=\/wp\/v2\/posts\/880\/revisions"}],"predecessor-version":[{"id":888,"href":"https:\/\/www.broderieplaisir.eu\/index.php?rest_route=\/wp\/v2\/posts\/880\/revisions\/888"}],"wp:attachment":[{"href":"https:\/\/www.broderieplaisir.eu\/index.php?rest_route=%2Fwp%2Fv2%2Fmedia&parent=880"}],"wp:term":[{"taxonomy":"category","embeddable":true,"href":"https:\/\/www.broderieplaisir.eu\/index.php?rest_route=%2Fwp%2Fv2%2Fcategories&post=880"},{"taxonomy":"post_tag","embeddable":true,"href":"https:\/\/www.broderieplaisir.eu\/index.php?rest_route=%2Fwp%2Fv2%2Ftags&post=880"}],"curies":[{"name":"wp","href":"https:\/\/api.w.org\/{rel}","templated":true}]}}